
			
				

					
				

			
		{"items":"\n\t\t\t\t\t\t\t\t\t\t\t\n<article id=\"post-1200\" class=\"wd-post blog-design-masonry blog-post-loop blog-style-bg wd-add-shadow wd-col post-1200 post type-post status-publish format-standard has-post-thumbnail hentry category-fotografie tag-alter-zoll tag-beuel tag-bonn tag-eichhoernchen tag-foto tag-fotografie tag-gruenderzeit tag-muenster tag-photo tag-posttower tag-rhein tag-sonne tag-sonnenaufgang\">\n\t<div class=\"article-inner\">\n\t\t\t\t\t<header class=\"entry-header\">\n\t\t\t\t\t\t\t\t\t<figure id=\"carousel-209\" class=\"entry-thumbnail\">\n\t\t\t\t\t\t\n\t\t\t\t\t\t\t<div class=\"post-img-wrapp\">\n\t\t\t\t\t\t\t\t<a href=\"https:\/\/kilianschoenberger.de\/bonn-bei-sonnenaufgang\/\">\n\t\t\t\t\t\t\t\t\t<img width=\"972\" height=\"746\" src=\"https:\/\/kilianschoenberger.de\/wp-content\/themes\/woodmart\/images\/lazy.png\" class=\"attachment-large size-large wd-lazy-load wd-lazy-fade\" alt=\"Gr\u00fcnderzeit Fassaden Balkone Bonn\" decoding=\"async\" fetchpriority=\"high\" srcset=\"\" sizes=\"(max-width: 972px) 100vw, 972px\" data-wood-src=\"https:\/\/kilianschoenberger.de\/wp-content\/uploads\/Gruenderzeit-Fassaden-Balkone-Bonn.webp\" data-srcset=\"https:\/\/kilianschoenberger.de\/wp-content\/uploads\/Gruenderzeit-Fassaden-Balkone-Bonn.webp 972w, https:\/\/kilianschoenberger.de\/wp-content\/uploads\/Gruenderzeit-Fassaden-Balkone-Bonn-300x230.webp 300w, https:\/\/kilianschoenberger.de\/wp-content\/uploads\/Gruenderzeit-Fassaden-Balkone-Bonn-768x589.webp 768w, https:\/\/kilianschoenberger.de\/wp-content\/uploads\/Gruenderzeit-Fassaden-Balkone-Bonn-150x115.webp 150w\" \/>\t\t\t\t\t\t\t\t<\/a>\n\t\t\t\t\t\t\t<\/div>\n\t\t\t\t\t\t\t<div class=\"post-image-mask\">\n\t\t\t\t\t\t\t\t<span><\/span>\n\t\t\t\t\t\t\t<\/div>\n\n\t\t\t\t\t\t\n\t\t\t\t\t<\/figure>\n\t\t\t\t\n\t\t\t\t\t\t\t\t\t\t\t\t<div class=\"post-date wd-post-date wd-style-with-bg\">\n\t\t\t\t<span class=\"post-date-day\">\n\t\t\t\t\t14\t\t\t\t<\/span>\n\t\t\t\t<span class=\"post-date-month\">\n\t\t\t\t\tJuni\t\t\t\t<\/span>\n\t\t\t<\/div>\n\t\t\t\t\t\t\n\t\t\t<\/header><!-- .entry-header -->\n\n\t\t<div class=\"article-body-container\">\n\t\t\t\n\t\t\t\t\t\t\t\t\t<div class=\"meta-categories-wrapp\"><div class=\"meta-post-categories wd-post-cat wd-style-with-bg\"><a href=\"https:\/\/kilianschoenberger.de\/category\/fotografie\/\" rel=\"category tag\">Fotografie<\/a><\/div><\/div>\n\t\t\t\t\n\t\t\t\t\t\t\t\t\t<h3 class=\"wd-entities-title title post-title\">\n\t\t\t\t\t\t<a href=\"https:\/\/kilianschoenberger.de\/bonn-bei-sonnenaufgang\/\" rel=\"bookmark\">Bonn bei Sonnenaufgang<\/a>\n\t\t\t\t\t<\/h3>\n\t\t\t\t\n\t\t\t\t\t\t\t\t\t<div class=\"entry-meta wd-entry-meta\">\n\t\t\t\t\t\t\t\t\t<ul class=\"entry-meta-list\">\n\t\t\t\t\t\t\t\t\t<li class=\"modified-date\">\n\t\t\t\t\t\t\t\t<time class=\"updated\" datetime=\"2024-02-14T10:48:00+01:00\">\n\t\t\t14. Februar 2024\t\t<\/time>\n\t\t\t\t\t\t\t<\/li>\n\n\t\t\t\t\t\n\t\t\t\t\t\t\t\t\t\t\t<li class=\"meta-author\">\n\t\t\t\t\t\t\t\t\t\t\t\t<span>By<\/span>\n\t\t\n\t\t\t\t\t<img alt='author-avatar' src=\"https:\/\/kilianschoenberger.de\/wp-content\/themes\/woodmart\/images\/lazy.png\" data-wood-src='https:\/\/secure.gravatar.com\/avatar\/8b2e94123d75996363ba35a871f418ed?s=32&#038;d=mm&#038;r=g' srcset=\"\" data-srcset='https:\/\/secure.gravatar.com\/avatar\/8b2e94123d75996363ba35a871f418ed?s=64&#038;d=mm&#038;r=g 2x' class='wd-lazy-load wd-lazy-fade avatar avatar-32 photo' height='32' width='32' decoding='async'\/>\t\t\n\t\t<a href=\"https:\/\/kilianschoenberger.de\/author\/ksp\/\" rel=\"author\">\n\t\t\t<span class=\"vcard author author_name\">\n\t\t\t\t<span class=\"fn\">KSP<\/span>\n\t\t\t<\/span>\n\t\t<\/a>\n\t\t\t\t\t\t\t\t<\/li>\n\t\t\t\t\t\n\t\t\t\t\t\n\t\t\t\t\t\t\t\t\t\t\t<li class=\"meta-reply\">\n\t\t\t\t\t\t\t<a href=\"https:\/\/kilianschoenberger.de\/bonn-bei-sonnenaufgang\/#respond\"><span class=\"replies-count\">0<\/span> <span class=\"replies-count-label\">comments<\/span><\/a>\t\t\t\t\t\t<\/li>\n\t\t\t\t\t\t\t\t\t\t\t\t<\/ul>\n\t\t\t\t\t\t\t<\/div><!-- .entry-meta -->\n\t\t\t\t\t\t\t\t\t\t\t<div class=\"hovered-social-icons wd-tltp wd-tltp-top\">\n\t\t\t\t\t\t\t<div class=\"wd-tooltip-label\">\n\t\t\t\t\t\t\t\t\t\t\t<link rel=\"stylesheet\" id=\"wd-social-icons-css\" href=\"https:\/\/kilianschoenberger.de\/wp-content\/themes\/woodmart\/css\/parts\/el-social-icons.min.css?ver=\" type=\"text\/css\" media=\"all\" \/> \t\t\t\n\t\t\t<div class=\" wd-social-icons  icons-design-default icons-size-small color-scheme-light social-share social-form-circle text-center\">\n\n\t\t\t\t\n\t\t\t\t\t\t\t\t\t<a rel=\"noopener noreferrer nofollow\" href=\"https:\/\/www.facebook.com\/sharer\/sharer.php?u=https:\/\/kilianschoenberger.de\/bonn-bei-sonnenaufgang\/\" target=\"_blank\" class=\" wd-social-icon social-facebook\" aria-label=\"Facebook social link\">\n\t\t\t\t\t\t<span class=\"wd-icon\"><\/span>\n\t\t\t\t\t\t\t\t\t\t\t<\/a>\n\t\t\t\t\n\t\t\t\t\t\t\t\t\t<a rel=\"noopener noreferrer nofollow\" href=\"https:\/\/x.com\/share?url=https:\/\/kilianschoenberger.de\/bonn-bei-sonnenaufgang\/\" target=\"_blank\" class=\" wd-social-icon social-twitter\" aria-label=\"X social link\">\n\t\t\t\t\t\t<span class=\"wd-icon\"><\/span>\n\t\t\t\t\t\t\t\t\t\t\t<\/a>\n\t\t\t\t\n\t\t\t\t\n\t\t\t\t\n\t\t\t\t\n\t\t\t\t\t\t\t\t\t<a rel=\"noopener noreferrer nofollow\" href=\"https:\/\/pinterest.com\/pin\/create\/button\/?url=https:\/\/kilianschoenberger.de\/bonn-bei-sonnenaufgang\/&media=https:\/\/kilianschoenberger.de\/wp-content\/uploads\/Gruenderzeit-Fassaden-Balkone-Bonn.webp&description=Bonn+bei+Sonnenaufgang\" target=\"_blank\" class=\" wd-social-icon social-pinterest\" aria-label=\"Pinterest social link\">\n\t\t\t\t\t\t<span class=\"wd-icon\"><\/span>\n\t\t\t\t\t\t\t\t\t\t\t<\/a>\n\t\t\t\t\n\t\t\t\t\n\t\t\t\t\t\t\t\t\t<a rel=\"noopener noreferrer nofollow\" href=\"https:\/\/www.linkedin.com\/shareArticle?mini=true&url=https:\/\/kilianschoenberger.de\/bonn-bei-sonnenaufgang\/\" target=\"_blank\" class=\" wd-social-icon social-linkedin\" aria-label=\"Linkedin social link\">\n\t\t\t\t\t\t<span class=\"wd-icon\"><\/span>\n\t\t\t\t\t\t\t\t\t\t\t<\/a>\n\t\t\t\t\n\t\t\t\t\n\t\t\t\t\n\t\t\t\t\n\t\t\t\t\n\t\t\t\t\n\t\t\t\t\n\t\t\t\t\n\t\t\t\t\n\t\t\t\t\n\t\t\t\t\t\t\t\t\n\t\t\t\t\t\t\t\t\n\t\t\t\t\n\t\t\t\t\n\t\t\t\t\t\t\t\t\t<a rel=\"noopener noreferrer nofollow\" href=\"https:\/\/telegram.me\/share\/url?url=https:\/\/kilianschoenberger.de\/bonn-bei-sonnenaufgang\/\" target=\"_blank\" class=\" wd-social-icon social-tg\" aria-label=\"Telegram social link\">\n\t\t\t\t\t\t<span class=\"wd-icon\"><\/span>\n\t\t\t\t\t\t\t\t\t\t\t<\/a>\n\t\t\t\t\t\t\t\t\n\t\t\t\t\n\t\t\t<\/div>\n\n\t\t\t\t\t\t\t\t\t<\/div>\n\t\t\t\t\t\t<\/div>\n\t\t\t\t\t\t\t\t\t\t\t\t\n\t\t\t\t\t\t\t\n\t\t\t\t                    <div class=\"entry-content wd-entry-content\">\n\t\t\t\t\t\t5 Uhr morgens an einem Sonntag ist eigentlich schon eine Uhrzeit zu der man Schlafen gehen kann. Doch nicht so am zur\u00fcckliegenden Woche...\n\t\t\t\t\t\t\t\t\t\t\t<\/div><!-- .entry-content -->\n\t\t\t\t\n\t\t\t\t\t\t\t\t\t\t\t\t\t\t<p class=\"read-more-section\">\n\t\t\t\t\t\t<a class=\"btn-read-more more-link\" href=\"https:\/\/kilianschoenberger.de\/bonn-bei-sonnenaufgang\/\">Continue reading<\/a>\t\t\t\t\t<\/p>\n\t\t\t\t\t\t\t\t\t\t\t\n\t\t\t\n\t\t\t\t\t<\/div>\n\t<\/div>\n<\/article><!-- #post -->\n\n\n\t\t\t\t\t\t\t\t\t\t\t\n<article id=\"post-1161\" class=\"wd-post blog-design-masonry blog-post-loop blog-style-bg wd-add-shadow wd-col post-1161 post type-post status-publish format-standard has-post-thumbnail hentry category-fotografie tag-2191 tag-bilder tag-denkmal tag-essen tag-foerderturm tag-foto tag-fotografie tag-kokerei tag-photographie tag-riesenrad tag-ruhr tag-ruhrblick tag-sanaa tag-weltkulturerbe tag-zollverein\">\n\t<div class=\"article-inner\">\n\t\t\t\t\t<header class=\"entry-header\">\n\t\t\t\t\t\t\t\t\t<figure id=\"carousel-650\" class=\"entry-thumbnail\">\n\t\t\t\t\t\t\n\t\t\t\t\t\t\t<div class=\"post-img-wrapp\">\n\t\t\t\t\t\t\t\t<a href=\"https:\/\/kilianschoenberger.de\/ruhr-2010-zeche-zollverein\/\">\n\t\t\t\t\t\t\t\t\t<img width=\"972\" height=\"648\" src=\"https:\/\/kilianschoenberger.de\/wp-content\/themes\/woodmart\/images\/lazy.png\" class=\"attachment-large size-large wd-lazy-load wd-lazy-fade\" alt=\"zeche zollverein\" decoding=\"async\" srcset=\"\" sizes=\"(max-width: 972px) 100vw, 972px\" data-wood-src=\"https:\/\/kilianschoenberger.de\/wp-content\/uploads\/zeche-zollverein.webp\" data-srcset=\"https:\/\/kilianschoenberger.de\/wp-content\/uploads\/zeche-zollverein.webp 972w, https:\/\/kilianschoenberger.de\/wp-content\/uploads\/zeche-zollverein-300x200.webp 300w, https:\/\/kilianschoenberger.de\/wp-content\/uploads\/zeche-zollverein-768x512.webp 768w, https:\/\/kilianschoenberger.de\/wp-content\/uploads\/zeche-zollverein-150x100.webp 150w\" \/>\t\t\t\t\t\t\t\t<\/a>\n\t\t\t\t\t\t\t<\/div>\n\t\t\t\t\t\t\t<div class=\"post-image-mask\">\n\t\t\t\t\t\t\t\t<span><\/span>\n\t\t\t\t\t\t\t<\/div>\n\n\t\t\t\t\t\t\n\t\t\t\t\t<\/figure>\n\t\t\t\t\n\t\t\t\t\t\t\t\t\t\t\t\t<div class=\"post-date wd-post-date wd-style-with-bg\">\n\t\t\t\t<span class=\"post-date-day\">\n\t\t\t\t\t28\t\t\t\t<\/span>\n\t\t\t\t<span class=\"post-date-month\">\n\t\t\t\t\tMai\t\t\t\t<\/span>\n\t\t\t<\/div>\n\t\t\t\t\t\t\n\t\t\t<\/header><!-- .entry-header -->\n\n\t\t<div class=\"article-body-container\">\n\t\t\t\n\t\t\t\t\t\t\t\t\t<div class=\"meta-categories-wrapp\"><div class=\"meta-post-categories wd-post-cat wd-style-with-bg\"><a href=\"https:\/\/kilianschoenberger.de\/category\/fotografie\/\" rel=\"category tag\">Fotografie<\/a><\/div><\/div>\n\t\t\t\t\n\t\t\t\t\t\t\t\t\t<h3 class=\"wd-entities-title title post-title\">\n\t\t\t\t\t\t<a href=\"https:\/\/kilianschoenberger.de\/ruhr-2010-zeche-zollverein\/\" rel=\"bookmark\">Ruhr 2010: Zeche Zollverein<\/a>\n\t\t\t\t\t<\/h3>\n\t\t\t\t\n\t\t\t\t\t\t\t\t\t<div class=\"entry-meta wd-entry-meta\">\n\t\t\t\t\t\t\t\t\t<ul class=\"entry-meta-list\">\n\t\t\t\t\t\t\t\t\t<li class=\"modified-date\">\n\t\t\t\t\t\t\t\t<time class=\"updated\" datetime=\"2024-02-14T10:48:39+01:00\">\n\t\t\t14. Februar 2024\t\t<\/time>\n\t\t\t\t\t\t\t<\/li>\n\n\t\t\t\t\t\n\t\t\t\t\t\t\t\t\t\t\t<li class=\"meta-author\">\n\t\t\t\t\t\t\t\t\t\t\t\t<span>By<\/span>\n\t\t\n\t\t\t\t\t<img alt='author-avatar' src=\"https:\/\/kilianschoenberger.de\/wp-content\/themes\/woodmart\/images\/lazy.png\" data-wood-src='https:\/\/secure.gravatar.com\/avatar\/8b2e94123d75996363ba35a871f418ed?s=32&#038;d=mm&#038;r=g' srcset=\"\" data-srcset='https:\/\/secure.gravatar.com\/avatar\/8b2e94123d75996363ba35a871f418ed?s=64&#038;d=mm&#038;r=g 2x' class='wd-lazy-load wd-lazy-fade avatar avatar-32 photo' height='32' width='32' loading='lazy' decoding='async'\/>\t\t\n\t\t<a href=\"https:\/\/kilianschoenberger.de\/author\/ksp\/\" rel=\"author\">\n\t\t\t<span class=\"vcard author author_name\">\n\t\t\t\t<span class=\"fn\">KSP<\/span>\n\t\t\t<\/span>\n\t\t<\/a>\n\t\t\t\t\t\t\t\t<\/li>\n\t\t\t\t\t\n\t\t\t\t\t\n\t\t\t\t\t\t\t\t\t\t\t<li class=\"meta-reply\">\n\t\t\t\t\t\t\t<a href=\"https:\/\/kilianschoenberger.de\/ruhr-2010-zeche-zollverein\/#respond\"><span class=\"replies-count\">0<\/span> <span class=\"replies-count-label\">comments<\/span><\/a>\t\t\t\t\t\t<\/li>\n\t\t\t\t\t\t\t\t\t\t\t\t<\/ul>\n\t\t\t\t\t\t\t<\/div><!-- .entry-meta -->\n\t\t\t\t\t\t\t\t\t\t\t<div class=\"hovered-social-icons wd-tltp wd-tltp-top\">\n\t\t\t\t\t\t\t<div class=\"wd-tooltip-label\">\n\t\t\t\t\t\t\t\t\n\t\t\t<div class=\" wd-social-icons  icons-design-default icons-size-small color-scheme-light social-share social-form-circle text-center\">\n\n\t\t\t\t\n\t\t\t\t\t\t\t\t\t<a rel=\"noopener noreferrer nofollow\" href=\"https:\/\/www.facebook.com\/sharer\/sharer.php?u=https:\/\/kilianschoenberger.de\/ruhr-2010-zeche-zollverein\/\" target=\"_blank\" class=\" wd-social-icon social-facebook\" aria-label=\"Facebook social link\">\n\t\t\t\t\t\t<span class=\"wd-icon\"><\/span>\n\t\t\t\t\t\t\t\t\t\t\t<\/a>\n\t\t\t\t\n\t\t\t\t\t\t\t\t\t<a rel=\"noopener noreferrer nofollow\" href=\"https:\/\/x.com\/share?url=https:\/\/kilianschoenberger.de\/ruhr-2010-zeche-zollverein\/\" target=\"_blank\" class=\" wd-social-icon social-twitter\" aria-label=\"X social link\">\n\t\t\t\t\t\t<span class=\"wd-icon\"><\/span>\n\t\t\t\t\t\t\t\t\t\t\t<\/a>\n\t\t\t\t\n\t\t\t\t\n\t\t\t\t\n\t\t\t\t\n\t\t\t\t\t\t\t\t\t<a rel=\"noopener noreferrer nofollow\" href=\"https:\/\/pinterest.com\/pin\/create\/button\/?url=https:\/\/kilianschoenberger.de\/ruhr-2010-zeche-zollverein\/&media=https:\/\/kilianschoenberger.de\/wp-content\/uploads\/zeche-zollverein.webp&description=Ruhr+2010%3A+Zeche+Zollverein\" target=\"_blank\" class=\" wd-social-icon social-pinterest\" aria-label=\"Pinterest social link\">\n\t\t\t\t\t\t<span class=\"wd-icon\"><\/span>\n\t\t\t\t\t\t\t\t\t\t\t<\/a>\n\t\t\t\t\n\t\t\t\t\n\t\t\t\t\t\t\t\t\t<a rel=\"noopener noreferrer nofollow\" href=\"https:\/\/www.linkedin.com\/shareArticle?mini=true&url=https:\/\/kilianschoenberger.de\/ruhr-2010-zeche-zollverein\/\" target=\"_blank\" class=\" wd-social-icon social-linkedin\" aria-label=\"Linkedin social link\">\n\t\t\t\t\t\t<span class=\"wd-icon\"><\/span>\n\t\t\t\t\t\t\t\t\t\t\t<\/a>\n\t\t\t\t\n\t\t\t\t\n\t\t\t\t\n\t\t\t\t\n\t\t\t\t\n\t\t\t\t\n\t\t\t\t\n\t\t\t\t\n\t\t\t\t\n\t\t\t\t\n\t\t\t\t\t\t\t\t\n\t\t\t\t\t\t\t\t\n\t\t\t\t\n\t\t\t\t\n\t\t\t\t\t\t\t\t\t<a rel=\"noopener noreferrer nofollow\" href=\"https:\/\/telegram.me\/share\/url?url=https:\/\/kilianschoenberger.de\/ruhr-2010-zeche-zollverein\/\" target=\"_blank\" class=\" wd-social-icon social-tg\" aria-label=\"Telegram social link\">\n\t\t\t\t\t\t<span class=\"wd-icon\"><\/span>\n\t\t\t\t\t\t\t\t\t\t\t<\/a>\n\t\t\t\t\t\t\t\t\n\t\t\t\t\n\t\t\t<\/div>\n\n\t\t\t\t\t\t\t\t\t<\/div>\n\t\t\t\t\t\t<\/div>\n\t\t\t\t\t\t\t\t\t\t\t\t\n\t\t\t\t\t\t\t\n\t\t\t\t                    <div class=\"entry-content wd-entry-content\">\n\t\t\t\t\t\tAllenthalben sollte ja mittlerweile bekannt sein, dass dem Ruhrgebiet 2010 als Kulturhauptstadt eine besondere Aufmerksamkeit zukommt. ...\n\t\t\t\t\t\t\t\t\t\t\t<\/div><!-- .entry-content -->\n\t\t\t\t\n\t\t\t\t\t\t\t\t\t\t\t\t\t\t<p class=\"read-more-section\">\n\t\t\t\t\t\t<a class=\"btn-read-more more-link\" href=\"https:\/\/kilianschoenberger.de\/ruhr-2010-zeche-zollverein\/\">Continue reading<\/a>\t\t\t\t\t<\/p>\n\t\t\t\t\t\t\t\t\t\t\t\n\t\t\t\n\t\t\t\t\t<\/div>\n\t<\/div>\n<\/article><!-- #post -->\n\n\n\t\t\t\t\t\t\t\t\t\t\t\n<article id=\"post-1150\" class=\"wd-post blog-design-masonry blog-post-loop blog-style-bg wd-add-shadow wd-col post-1150 post type-post status-publish format-standard has-post-thumbnail hentry category-fotografie tag-2356 tag-bildband tag-essay tag-foto tag-geschichte tag-jahrhundert tag-journalismus tag-magazine tag-mary-panzer tag-photo tag-photojournalismus tag-things-as-they-are tag-world-press-photo\">\n\t<div class=\"article-inner\">\n\t\t\t\t\t<header class=\"entry-header\">\n\t\t\t\t\t\t\t\t\t<figure id=\"carousel-235\" class=\"entry-thumbnail\">\n\t\t\t\t\t\t\n\t\t\t\t\t\t\t<div class=\"post-img-wrapp\">\n\t\t\t\t\t\t\t\t<a href=\"https:\/\/kilianschoenberger.de\/kaufempfehlung-bildband-things-as-they-are\/\">\n\t\t\t\t\t\t\t\t\t<img width=\"400\" height=\"400\" src=\"https:\/\/kilianschoenberger.de\/wp-content\/themes\/woodmart\/images\/lazy.png\" class=\"attachment-large size-large wd-lazy-load wd-lazy-fade\" alt=\"513G57PNWWL. SS400\" decoding=\"async\" loading=\"lazy\" srcset=\"\" sizes=\"(max-width: 400px) 100vw, 400px\" data-wood-src=\"https:\/\/kilianschoenberger.de\/wp-content\/uploads\/513G57PNWWL._SS400_.webp\" data-srcset=\"https:\/\/kilianschoenberger.de\/wp-content\/uploads\/513G57PNWWL._SS400_.webp 400w, https:\/\/kilianschoenberger.de\/wp-content\/uploads\/513G57PNWWL._SS400_-300x300.webp 300w, https:\/\/kilianschoenberger.de\/wp-content\/uploads\/513G57PNWWL._SS400_-150x150.webp 150w\" \/>\t\t\t\t\t\t\t\t<\/a>\n\t\t\t\t\t\t\t<\/div>\n\t\t\t\t\t\t\t<div class=\"post-image-mask\">\n\t\t\t\t\t\t\t\t<span><\/span>\n\t\t\t\t\t\t\t<\/div>\n\n\t\t\t\t\t\t\n\t\t\t\t\t<\/figure>\n\t\t\t\t\n\t\t\t\t\t\t\t\t\t\t\t\t<div class=\"post-date wd-post-date wd-style-with-bg\">\n\t\t\t\t<span class=\"post-date-day\">\n\t\t\t\t\t22\t\t\t\t<\/span>\n\t\t\t\t<span class=\"post-date-month\">\n\t\t\t\t\tMai\t\t\t\t<\/span>\n\t\t\t<\/div>\n\t\t\t\t\t\t\n\t\t\t<\/header><!-- .entry-header -->\n\n\t\t<div class=\"article-body-container\">\n\t\t\t\n\t\t\t\t\t\t\t\t\t<div class=\"meta-categories-wrapp\"><div class=\"meta-post-categories wd-post-cat wd-style-with-bg\"><a href=\"https:\/\/kilianschoenberger.de\/category\/fotografie\/\" rel=\"category tag\">Fotografie<\/a><\/div><\/div>\n\t\t\t\t\n\t\t\t\t\t\t\t\t\t<h3 class=\"wd-entities-title title post-title\">\n\t\t\t\t\t\t<a href=\"https:\/\/kilianschoenberger.de\/kaufempfehlung-bildband-things-as-they-are\/\" rel=\"bookmark\">Kaufempfehlung: Bildband &#8222;Things As They Are&#8220;<\/a>\n\t\t\t\t\t<\/h3>\n\t\t\t\t\n\t\t\t\t\t\t\t\t\t<div class=\"entry-meta wd-entry-meta\">\n\t\t\t\t\t\t\t\t\t<ul class=\"entry-meta-list\">\n\t\t\t\t\t\t\t\t\t<li class=\"modified-date\">\n\t\t\t\t\t\t\t\t<time class=\"updated\" datetime=\"2024-02-14T10:49:19+01:00\">\n\t\t\t14. Februar 2024\t\t<\/time>\n\t\t\t\t\t\t\t<\/li>\n\n\t\t\t\t\t\n\t\t\t\t\t\t\t\t\t\t\t<li class=\"meta-author\">\n\t\t\t\t\t\t\t\t\t\t\t\t<span>By<\/span>\n\t\t\n\t\t\t\t\t<img alt='author-avatar' src=\"https:\/\/kilianschoenberger.de\/wp-content\/themes\/woodmart\/images\/lazy.png\" data-wood-src='https:\/\/secure.gravatar.com\/avatar\/8b2e94123d75996363ba35a871f418ed?s=32&#038;d=mm&#038;r=g' srcset=\"\" data-srcset='https:\/\/secure.gravatar.com\/avatar\/8b2e94123d75996363ba35a871f418ed?s=64&#038;d=mm&#038;r=g 2x' class='wd-lazy-load wd-lazy-fade avatar avatar-32 photo' height='32' width='32' loading='lazy' decoding='async'\/>\t\t\n\t\t<a href=\"https:\/\/kilianschoenberger.de\/author\/ksp\/\" rel=\"author\">\n\t\t\t<span class=\"vcard author author_name\">\n\t\t\t\t<span class=\"fn\">KSP<\/span>\n\t\t\t<\/span>\n\t\t<\/a>\n\t\t\t\t\t\t\t\t<\/li>\n\t\t\t\t\t\n\t\t\t\t\t\n\t\t\t\t\t\t\t\t\t\t\t<li class=\"meta-reply\">\n\t\t\t\t\t\t\t<a href=\"https:\/\/kilianschoenberger.de\/kaufempfehlung-bildband-things-as-they-are\/#respond\"><span class=\"replies-count\">0<\/span> <span class=\"replies-count-label\">comments<\/span><\/a>\t\t\t\t\t\t<\/li>\n\t\t\t\t\t\t\t\t\t\t\t\t<\/ul>\n\t\t\t\t\t\t\t<\/div><!-- .entry-meta -->\n\t\t\t\t\t\t\t\t\t\t\t<div class=\"hovered-social-icons wd-tltp wd-tltp-top\">\n\t\t\t\t\t\t\t<div class=\"wd-tooltip-label\">\n\t\t\t\t\t\t\t\t\n\t\t\t<div class=\" wd-social-icons  icons-design-default icons-size-small color-scheme-light social-share social-form-circle text-center\">\n\n\t\t\t\t\n\t\t\t\t\t\t\t\t\t<a rel=\"noopener noreferrer nofollow\" href=\"https:\/\/www.facebook.com\/sharer\/sharer.php?u=https:\/\/kilianschoenberger.de\/kaufempfehlung-bildband-things-as-they-are\/\" target=\"_blank\" class=\" wd-social-icon social-facebook\" aria-label=\"Facebook social link\">\n\t\t\t\t\t\t<span class=\"wd-icon\"><\/span>\n\t\t\t\t\t\t\t\t\t\t\t<\/a>\n\t\t\t\t\n\t\t\t\t\t\t\t\t\t<a rel=\"noopener noreferrer nofollow\" href=\"https:\/\/x.com\/share?url=https:\/\/kilianschoenberger.de\/kaufempfehlung-bildband-things-as-they-are\/\" target=\"_blank\" class=\" wd-social-icon social-twitter\" aria-label=\"X social link\">\n\t\t\t\t\t\t<span class=\"wd-icon\"><\/span>\n\t\t\t\t\t\t\t\t\t\t\t<\/a>\n\t\t\t\t\n\t\t\t\t\n\t\t\t\t\n\t\t\t\t\n\t\t\t\t\t\t\t\t\t<a rel=\"noopener noreferrer nofollow\" href=\"https:\/\/pinterest.com\/pin\/create\/button\/?url=https:\/\/kilianschoenberger.de\/kaufempfehlung-bildband-things-as-they-are\/&media=https:\/\/kilianschoenberger.de\/wp-content\/uploads\/513G57PNWWL._SS400_.webp&description=Kaufempfehlung%3A+Bildband+%26%238222%3BThings+As+They+Are%26%238220%3B\" target=\"_blank\" class=\" wd-social-icon social-pinterest\" aria-label=\"Pinterest social link\">\n\t\t\t\t\t\t<span class=\"wd-icon\"><\/span>\n\t\t\t\t\t\t\t\t\t\t\t<\/a>\n\t\t\t\t\n\t\t\t\t\n\t\t\t\t\t\t\t\t\t<a rel=\"noopener noreferrer nofollow\" href=\"https:\/\/www.linkedin.com\/shareArticle?mini=true&url=https:\/\/kilianschoenberger.de\/kaufempfehlung-bildband-things-as-they-are\/\" target=\"_blank\" class=\" wd-social-icon social-linkedin\" aria-label=\"Linkedin social link\">\n\t\t\t\t\t\t<span class=\"wd-icon\"><\/span>\n\t\t\t\t\t\t\t\t\t\t\t<\/a>\n\t\t\t\t\n\t\t\t\t\n\t\t\t\t\n\t\t\t\t\n\t\t\t\t\n\t\t\t\t\n\t\t\t\t\n\t\t\t\t\n\t\t\t\t\n\t\t\t\t\n\t\t\t\t\t\t\t\t\n\t\t\t\t\t\t\t\t\n\t\t\t\t\n\t\t\t\t\n\t\t\t\t\t\t\t\t\t<a rel=\"noopener noreferrer nofollow\" href=\"https:\/\/telegram.me\/share\/url?url=https:\/\/kilianschoenberger.de\/kaufempfehlung-bildband-things-as-they-are\/\" target=\"_blank\" class=\" wd-social-icon social-tg\" aria-label=\"Telegram social link\">\n\t\t\t\t\t\t<span class=\"wd-icon\"><\/span>\n\t\t\t\t\t\t\t\t\t\t\t<\/a>\n\t\t\t\t\t\t\t\t\n\t\t\t\t\n\t\t\t<\/div>\n\n\t\t\t\t\t\t\t\t\t<\/div>\n\t\t\t\t\t\t<\/div>\n\t\t\t\t\t\t\t\t\t\t\t\t\n\t\t\t\t\t\t\t\n\t\t\t\t                    <div class=\"entry-content wd-entry-content\">\n\t\t\t\t\t\tDer BuchHof Bonn - vormals die Restexemplareabteilung von Bouvier - ist immer einen Besuch wert. Gegen\u00fcber des Uni Hauptgeb\u00e4udes gelege...\n\t\t\t\t\t\t\t\t\t\t\t<\/div><!-- .entry-content -->\n\t\t\t\t\n\t\t\t\t\t\t\t\t\t\t\t\t\t\t<p class=\"read-more-section\">\n\t\t\t\t\t\t<a class=\"btn-read-more more-link\" href=\"https:\/\/kilianschoenberger.de\/kaufempfehlung-bildband-things-as-they-are\/\">Continue reading<\/a>\t\t\t\t\t<\/p>\n\t\t\t\t\t\t\t\t\t\t\t\n\t\t\t\n\t\t\t\t\t<\/div>\n\t<\/div>\n<\/article><!-- #post -->\n\n\n\t\t\t\t\t\t\t\t\t\t\t\n<article id=\"post-1118\" class=\"wd-post blog-design-masonry blog-post-loop blog-style-bg wd-add-shadow wd-col post-1118 post type-post status-publish format-standard has-post-thumbnail hentry category-fotografie tag-abandoned-place-2 tag-birlinghoven tag-bonn tag-foto tag-industriedenkmal tag-industrieruine tag-location tag-niederpleis tag-pleistalwerk tag-ruine tag-zech-pluto tag-ziegelei\">\n\t<div class=\"article-inner\">\n\t\t\t\t\t<header class=\"entry-header\">\n\t\t\t\t\t\t\t\t\t<figure id=\"carousel-985\" class=\"entry-thumbnail\">\n\t\t\t\t\t\t\n\t\t\t\t\t\t\t<div class=\"post-img-wrapp\">\n\t\t\t\t\t\t\t\t<a href=\"https:\/\/kilianschoenberger.de\/die-industrieruine-pleistalwerk\/\">\n\t\t\t\t\t\t\t\t\t<img width=\"972\" height=\"648\" src=\"https:\/\/kilianschoenberger.de\/wp-content\/themes\/woodmart\/images\/lazy.png\" class=\"attachment-large size-large wd-lazy-load wd-lazy-fade\" alt=\"Industrieruine Pleistalwerk\" decoding=\"async\" loading=\"lazy\" srcset=\"\" sizes=\"(max-width: 972px) 100vw, 972px\" data-wood-src=\"https:\/\/kilianschoenberger.de\/wp-content\/uploads\/kuntitled_hdr7rb.webp\" data-srcset=\"https:\/\/kilianschoenberger.de\/wp-content\/uploads\/kuntitled_hdr7rb.webp 972w, https:\/\/kilianschoenberger.de\/wp-content\/uploads\/kuntitled_hdr7rb-300x200.webp 300w, https:\/\/kilianschoenberger.de\/wp-content\/uploads\/kuntitled_hdr7rb-768x512.webp 768w, https:\/\/kilianschoenberger.de\/wp-content\/uploads\/kuntitled_hdr7rb-150x100.webp 150w\" \/>\t\t\t\t\t\t\t\t<\/a>\n\t\t\t\t\t\t\t<\/div>\n\t\t\t\t\t\t\t<div class=\"post-image-mask\">\n\t\t\t\t\t\t\t\t<span><\/span>\n\t\t\t\t\t\t\t<\/div>\n\n\t\t\t\t\t\t\n\t\t\t\t\t<\/figure>\n\t\t\t\t\n\t\t\t\t\t\t\t\t\t\t\t\t<div class=\"post-date wd-post-date wd-style-with-bg\">\n\t\t\t\t<span class=\"post-date-day\">\n\t\t\t\t\t20\t\t\t\t<\/span>\n\t\t\t\t<span class=\"post-date-month\">\n\t\t\t\t\tMai\t\t\t\t<\/span>\n\t\t\t<\/div>\n\t\t\t\t\t\t\n\t\t\t<\/header><!-- .entry-header -->\n\n\t\t<div class=\"article-body-container\">\n\t\t\t\n\t\t\t\t\t\t\t\t\t<div class=\"meta-categories-wrapp\"><div class=\"meta-post-categories wd-post-cat wd-style-with-bg\"><a href=\"https:\/\/kilianschoenberger.de\/category\/fotografie\/\" rel=\"category tag\">Fotografie<\/a><\/div><\/div>\n\t\t\t\t\n\t\t\t\t\t\t\t\t\t<h3 class=\"wd-entities-title title post-title\">\n\t\t\t\t\t\t<a href=\"https:\/\/kilianschoenberger.de\/die-industrieruine-pleistalwerk\/\" rel=\"bookmark\">Die Industrieruine Pleistalwerk<\/a>\n\t\t\t\t\t<\/h3>\n\t\t\t\t\n\t\t\t\t\t\t\t\t\t<div class=\"entry-meta wd-entry-meta\">\n\t\t\t\t\t\t\t\t\t<ul class=\"entry-meta-list\">\n\t\t\t\t\t\t\t\t\t<li class=\"modified-date\">\n\t\t\t\t\t\t\t\t<time class=\"updated\" datetime=\"2024-02-14T10:54:28+01:00\">\n\t\t\t14. Februar 2024\t\t<\/time>\n\t\t\t\t\t\t\t<\/li>\n\n\t\t\t\t\t\n\t\t\t\t\t\t\t\t\t\t\t<li class=\"meta-author\">\n\t\t\t\t\t\t\t\t\t\t\t\t<span>By<\/span>\n\t\t\n\t\t\t\t\t<img alt='author-avatar' src=\"https:\/\/kilianschoenberger.de\/wp-content\/themes\/woodmart\/images\/lazy.png\" data-wood-src='https:\/\/secure.gravatar.com\/avatar\/8b2e94123d75996363ba35a871f418ed?s=32&#038;d=mm&#038;r=g' srcset=\"\" data-srcset='https:\/\/secure.gravatar.com\/avatar\/8b2e94123d75996363ba35a871f418ed?s=64&#038;d=mm&#038;r=g 2x' class='wd-lazy-load wd-lazy-fade avatar avatar-32 photo' height='32' width='32' loading='lazy' decoding='async'\/>\t\t\n\t\t<a href=\"https:\/\/kilianschoenberger.de\/author\/ksp\/\" rel=\"author\">\n\t\t\t<span class=\"vcard author author_name\">\n\t\t\t\t<span class=\"fn\">KSP<\/span>\n\t\t\t<\/span>\n\t\t<\/a>\n\t\t\t\t\t\t\t\t<\/li>\n\t\t\t\t\t\n\t\t\t\t\t\n\t\t\t\t\t\t\t\t\t\t\t<li class=\"meta-reply\">\n\t\t\t\t\t\t\t<a href=\"https:\/\/kilianschoenberger.de\/die-industrieruine-pleistalwerk\/#respond\"><span class=\"replies-count\">0<\/span> <span class=\"replies-count-label\">comments<\/span><\/a>\t\t\t\t\t\t<\/li>\n\t\t\t\t\t\t\t\t\t\t\t\t<\/ul>\n\t\t\t\t\t\t\t<\/div><!-- .entry-meta -->\n\t\t\t\t\t\t\t\t\t\t\t<div class=\"hovered-social-icons wd-tltp wd-tltp-top\">\n\t\t\t\t\t\t\t<div class=\"wd-tooltip-label\">\n\t\t\t\t\t\t\t\t\n\t\t\t<div class=\" wd-social-icons  icons-design-default icons-size-small color-scheme-light social-share social-form-circle text-center\">\n\n\t\t\t\t\n\t\t\t\t\t\t\t\t\t<a rel=\"noopener noreferrer nofollow\" href=\"https:\/\/www.facebook.com\/sharer\/sharer.php?u=https:\/\/kilianschoenberger.de\/die-industrieruine-pleistalwerk\/\" target=\"_blank\" class=\" wd-social-icon social-facebook\" aria-label=\"Facebook social link\">\n\t\t\t\t\t\t<span class=\"wd-icon\"><\/span>\n\t\t\t\t\t\t\t\t\t\t\t<\/a>\n\t\t\t\t\n\t\t\t\t\t\t\t\t\t<a rel=\"noopener noreferrer nofollow\" href=\"https:\/\/x.com\/share?url=https:\/\/kilianschoenberger.de\/die-industrieruine-pleistalwerk\/\" target=\"_blank\" class=\" wd-social-icon social-twitter\" aria-label=\"X social link\">\n\t\t\t\t\t\t<span class=\"wd-icon\"><\/span>\n\t\t\t\t\t\t\t\t\t\t\t<\/a>\n\t\t\t\t\n\t\t\t\t\n\t\t\t\t\n\t\t\t\t\n\t\t\t\t\t\t\t\t\t<a rel=\"noopener noreferrer nofollow\" href=\"https:\/\/pinterest.com\/pin\/create\/button\/?url=https:\/\/kilianschoenberger.de\/die-industrieruine-pleistalwerk\/&media=https:\/\/kilianschoenberger.de\/wp-content\/uploads\/kuntitled_hdr7rb.webp&description=Die+Industrieruine+Pleistalwerk\" target=\"_blank\" class=\" wd-social-icon social-pinterest\" aria-label=\"Pinterest social link\">\n\t\t\t\t\t\t<span class=\"wd-icon\"><\/span>\n\t\t\t\t\t\t\t\t\t\t\t<\/a>\n\t\t\t\t\n\t\t\t\t\n\t\t\t\t\t\t\t\t\t<a rel=\"noopener noreferrer nofollow\" href=\"https:\/\/www.linkedin.com\/shareArticle?mini=true&url=https:\/\/kilianschoenberger.de\/die-industrieruine-pleistalwerk\/\" target=\"_blank\" class=\" wd-social-icon social-linkedin\" aria-label=\"Linkedin social link\">\n\t\t\t\t\t\t<span class=\"wd-icon\"><\/span>\n\t\t\t\t\t\t\t\t\t\t\t<\/a>\n\t\t\t\t\n\t\t\t\t\n\t\t\t\t\n\t\t\t\t\n\t\t\t\t\n\t\t\t\t\n\t\t\t\t\n\t\t\t\t\n\t\t\t\t\n\t\t\t\t\n\t\t\t\t\t\t\t\t\n\t\t\t\t\t\t\t\t\n\t\t\t\t\n\t\t\t\t\n\t\t\t\t\t\t\t\t\t<a rel=\"noopener noreferrer nofollow\" href=\"https:\/\/telegram.me\/share\/url?url=https:\/\/kilianschoenberger.de\/die-industrieruine-pleistalwerk\/\" target=\"_blank\" class=\" wd-social-icon social-tg\" aria-label=\"Telegram social link\">\n\t\t\t\t\t\t<span class=\"wd-icon\"><\/span>\n\t\t\t\t\t\t\t\t\t\t\t<\/a>\n\t\t\t\t\t\t\t\t\n\t\t\t\t\n\t\t\t<\/div>\n\n\t\t\t\t\t\t\t\t\t<\/div>\n\t\t\t\t\t\t<\/div>\n\t\t\t\t\t\t\t\t\t\t\t\t\n\t\t\t\t\t\t\t\n\t\t\t\t                    <div class=\"entry-content wd-entry-content\">\n\t\t\t\t\t\tWenn man an das Bonn zur Wende des 19. \/ 20. Jahrundert denkt, hat man nicht eine altindustrialisierte Stadt sondern eher die Gr\u00fcnderze...\n\t\t\t\t\t\t\t\t\t\t\t<\/div><!-- .entry-content -->\n\t\t\t\t\n\t\t\t\t\t\t\t\t\t\t\t\t\t\t<p class=\"read-more-section\">\n\t\t\t\t\t\t<a class=\"btn-read-more more-link\" href=\"https:\/\/kilianschoenberger.de\/die-industrieruine-pleistalwerk\/\">Continue reading<\/a>\t\t\t\t\t<\/p>\n\t\t\t\t\t\t\t\t\t\t\t\n\t\t\t\n\t\t\t\t\t<\/div>\n\t<\/div>\n<\/article><!-- #post -->\n\n\n\t\t\t\t\t\t\t\t\t\t\t\n<article id=\"post-1107\" class=\"wd-post blog-design-masonry blog-post-loop blog-style-bg wd-add-shadow wd-col post-1107 post type-post status-publish format-standard has-post-thumbnail hentry category-fotografie tag-altstadt tag-bonn tag-heerstrasse tag-kirschblueten tag-poppelsdorfer-schloss tag-sonnenuntergang tag-viktoriabruecke\">\n\t<div class=\"article-inner\">\n\t\t\t\t\t<header class=\"entry-header\">\n\t\t\t\t\t\t\t\t\t<figure id=\"carousel-162\" class=\"entry-thumbnail\">\n\t\t\t\t\t\t\n\t\t\t\t\t\t\t<div class=\"post-img-wrapp\">\n\t\t\t\t\t\t\t\t<a href=\"https:\/\/kilianschoenberger.de\/3mal-typisch-bonn\/\">\n\t\t\t\t\t\t\t\t\t<img width=\"972\" height=\"646\" src=\"https:\/\/kilianschoenberger.de\/wp-content\/themes\/woodmart\/images\/lazy.png\" class=\"attachment-large size-large wd-lazy-load wd-lazy-fade\" alt=\"typisch bonn\" decoding=\"async\" loading=\"lazy\" srcset=\"\" sizes=\"(max-width: 972px) 100vw, 972px\" data-wood-src=\"https:\/\/kilianschoenberger.de\/wp-content\/uploads\/typisch-bonn.webp\" data-srcset=\"https:\/\/kilianschoenberger.de\/wp-content\/uploads\/typisch-bonn.webp 972w, https:\/\/kilianschoenberger.de\/wp-content\/uploads\/typisch-bonn-300x199.webp 300w, https:\/\/kilianschoenberger.de\/wp-content\/uploads\/typisch-bonn-768x510.webp 768w, https:\/\/kilianschoenberger.de\/wp-content\/uploads\/typisch-bonn-150x100.webp 150w\" \/>\t\t\t\t\t\t\t\t<\/a>\n\t\t\t\t\t\t\t<\/div>\n\t\t\t\t\t\t\t<div class=\"post-image-mask\">\n\t\t\t\t\t\t\t\t<span><\/span>\n\t\t\t\t\t\t\t<\/div>\n\n\t\t\t\t\t\t\n\t\t\t\t\t<\/figure>\n\t\t\t\t\n\t\t\t\t\t\t\t\t\t\t\t\t<div class=\"post-date wd-post-date wd-style-with-bg\">\n\t\t\t\t<span class=\"post-date-day\">\n\t\t\t\t\t08\t\t\t\t<\/span>\n\t\t\t\t<span class=\"post-date-month\">\n\t\t\t\t\tMai\t\t\t\t<\/span>\n\t\t\t<\/div>\n\t\t\t\t\t\t\n\t\t\t<\/header><!-- .entry-header -->\n\n\t\t<div class=\"article-body-container\">\n\t\t\t\n\t\t\t\t\t\t\t\t\t<div class=\"meta-categories-wrapp\"><div class=\"meta-post-categories wd-post-cat wd-style-with-bg\"><a href=\"https:\/\/kilianschoenberger.de\/category\/fotografie\/\" rel=\"category tag\">Fotografie<\/a><\/div><\/div>\n\t\t\t\t\n\t\t\t\t\t\t\t\t\t<h3 class=\"wd-entities-title title post-title\">\n\t\t\t\t\t\t<a href=\"https:\/\/kilianschoenberger.de\/3mal-typisch-bonn\/\" rel=\"bookmark\">3mal typisch Bonn<\/a>\n\t\t\t\t\t<\/h3>\n\t\t\t\t\n\t\t\t\t\t\t\t\t\t<div class=\"entry-meta wd-entry-meta\">\n\t\t\t\t\t\t\t\t\t<ul class=\"entry-meta-list\">\n\t\t\t\t\t\t\t\t\t<li class=\"modified-date\">\n\t\t\t\t\t\t\t\t<time class=\"updated\" datetime=\"2024-02-14T10:56:27+01:00\">\n\t\t\t14. Februar 2024\t\t<\/time>\n\t\t\t\t\t\t\t<\/li>\n\n\t\t\t\t\t\n\t\t\t\t\t\t\t\t\t\t\t<li class=\"meta-author\">\n\t\t\t\t\t\t\t\t\t\t\t\t<span>By<\/span>\n\t\t\n\t\t\t\t\t<img alt='author-avatar' src=\"https:\/\/kilianschoenberger.de\/wp-content\/themes\/woodmart\/images\/lazy.png\" data-wood-src='https:\/\/secure.gravatar.com\/avatar\/8b2e94123d75996363ba35a871f418ed?s=32&#038;d=mm&#038;r=g' srcset=\"\" data-srcset='https:\/\/secure.gravatar.com\/avatar\/8b2e94123d75996363ba35a871f418ed?s=64&#038;d=mm&#038;r=g 2x' class='wd-lazy-load wd-lazy-fade avatar avatar-32 photo' height='32' width='32' loading='lazy' decoding='async'\/>\t\t\n\t\t<a href=\"https:\/\/kilianschoenberger.de\/author\/ksp\/\" rel=\"author\">\n\t\t\t<span class=\"vcard author author_name\">\n\t\t\t\t<span class=\"fn\">KSP<\/span>\n\t\t\t<\/span>\n\t\t<\/a>\n\t\t\t\t\t\t\t\t<\/li>\n\t\t\t\t\t\n\t\t\t\t\t\n\t\t\t\t\t\t\t\t\t\t\t<li class=\"meta-reply\">\n\t\t\t\t\t\t\t<a href=\"https:\/\/kilianschoenberger.de\/3mal-typisch-bonn\/#respond\"><span class=\"replies-count\">0<\/span> <span class=\"replies-count-label\">comments<\/span><\/a>\t\t\t\t\t\t<\/li>\n\t\t\t\t\t\t\t\t\t\t\t\t<\/ul>\n\t\t\t\t\t\t\t<\/div><!-- .entry-meta -->\n\t\t\t\t\t\t\t\t\t\t\t<div class=\"hovered-social-icons wd-tltp wd-tltp-top\">\n\t\t\t\t\t\t\t<div class=\"wd-tooltip-label\">\n\t\t\t\t\t\t\t\t\n\t\t\t<div class=\" wd-social-icons  icons-design-default icons-size-small color-scheme-light social-share social-form-circle text-center\">\n\n\t\t\t\t\n\t\t\t\t\t\t\t\t\t<a rel=\"noopener noreferrer nofollow\" href=\"https:\/\/www.facebook.com\/sharer\/sharer.php?u=https:\/\/kilianschoenberger.de\/3mal-typisch-bonn\/\" target=\"_blank\" class=\" wd-social-icon social-facebook\" aria-label=\"Facebook social link\">\n\t\t\t\t\t\t<span class=\"wd-icon\"><\/span>\n\t\t\t\t\t\t\t\t\t\t\t<\/a>\n\t\t\t\t\n\t\t\t\t\t\t\t\t\t<a rel=\"noopener noreferrer nofollow\" href=\"https:\/\/x.com\/share?url=https:\/\/kilianschoenberger.de\/3mal-typisch-bonn\/\" target=\"_blank\" class=\" wd-social-icon social-twitter\" aria-label=\"X social link\">\n\t\t\t\t\t\t<span class=\"wd-icon\"><\/span>\n\t\t\t\t\t\t\t\t\t\t\t<\/a>\n\t\t\t\t\n\t\t\t\t\n\t\t\t\t\n\t\t\t\t\n\t\t\t\t\t\t\t\t\t<a rel=\"noopener noreferrer nofollow\" href=\"https:\/\/pinterest.com\/pin\/create\/button\/?url=https:\/\/kilianschoenberger.de\/3mal-typisch-bonn\/&media=https:\/\/kilianschoenberger.de\/wp-content\/uploads\/typisch-bonn.webp&description=3mal+typisch+Bonn\" target=\"_blank\" class=\" wd-social-icon social-pinterest\" aria-label=\"Pinterest social link\">\n\t\t\t\t\t\t<span class=\"wd-icon\"><\/span>\n\t\t\t\t\t\t\t\t\t\t\t<\/a>\n\t\t\t\t\n\t\t\t\t\n\t\t\t\t\t\t\t\t\t<a rel=\"noopener noreferrer nofollow\" href=\"https:\/\/www.linkedin.com\/shareArticle?mini=true&url=https:\/\/kilianschoenberger.de\/3mal-typisch-bonn\/\" target=\"_blank\" class=\" wd-social-icon social-linkedin\" aria-label=\"Linkedin social link\">\n\t\t\t\t\t\t<span class=\"wd-icon\"><\/span>\n\t\t\t\t\t\t\t\t\t\t\t<\/a>\n\t\t\t\t\n\t\t\t\t\n\t\t\t\t\n\t\t\t\t\n\t\t\t\t\n\t\t\t\t\n\t\t\t\t\n\t\t\t\t\n\t\t\t\t\n\t\t\t\t\n\t\t\t\t\t\t\t\t\n\t\t\t\t\t\t\t\t\n\t\t\t\t\n\t\t\t\t\n\t\t\t\t\t\t\t\t\t<a rel=\"noopener noreferrer nofollow\" href=\"https:\/\/telegram.me\/share\/url?url=https:\/\/kilianschoenberger.de\/3mal-typisch-bonn\/\" target=\"_blank\" class=\" wd-social-icon social-tg\" aria-label=\"Telegram social link\">\n\t\t\t\t\t\t<span class=\"wd-icon\"><\/span>\n\t\t\t\t\t\t\t\t\t\t\t<\/a>\n\t\t\t\t\t\t\t\t\n\t\t\t\t\n\t\t\t<\/div>\n\n\t\t\t\t\t\t\t\t\t<\/div>\n\t\t\t\t\t\t<\/div>\n\t\t\t\t\t\t\t\t\t\t\t\t\n\t\t\t\t\t\t\t\n\t\t\t\t                    <div class=\"entry-content wd-entry-content\">\n\t\t\t\t\t\tZwischendurch mal einfach 3 Aufnahmen aus Bonn - so wie die Stadt einem Tag f\u00fcr Tag begegnet.\r\nZun\u00e4chst zu sehen ist der runde Innenhof...\n\t\t\t\t\t\t\t\t\t\t\t<\/div><!-- .entry-content -->\n\t\t\t\t\n\t\t\t\t\t\t\t\t\t\t\t\t\t\t<p class=\"read-more-section\">\n\t\t\t\t\t\t<a class=\"btn-read-more more-link\" href=\"https:\/\/kilianschoenberger.de\/3mal-typisch-bonn\/\">Continue reading<\/a>\t\t\t\t\t<\/p>\n\t\t\t\t\t\t\t\t\t\t\t\n\t\t\t\n\t\t\t\t\t<\/div>\n\t<\/div>\n<\/article><!-- #post -->\n\n\n\t\t\t\t\t\t\t\t\t\t\t\n<article id=\"post-1025\" class=\"wd-post blog-design-masonry blog-post-loop blog-style-bg wd-add-shadow wd-col post-1025 post type-post status-publish format-standard has-post-thumbnail hentry category-fotografie tag-allgaeu tag-allgaeuer-alpen tag-aschau tag-baad tag-bayern tag-benediktbeuern tag-benediktenwand tag-fotografie tag-hohes-licht tag-kampenwand tag-kleinwalsertal tag-maedelegabel tag-mittelberg tag-oberstorf tag-plansee tag-sonnenuntergang tag-trettach\">\n\t<div class=\"article-inner\">\n\t\t\t\t\t<header class=\"entry-header\">\n\t\t\t\t\t\t\t\t\t<figure id=\"carousel-249\" class=\"entry-thumbnail\">\n\t\t\t\t\t\t\n\t\t\t\t\t\t\t<div class=\"post-img-wrapp\">\n\t\t\t\t\t\t\t\t<a href=\"https:\/\/kilianschoenberger.de\/fotografie-bayerns-suden-zwischen-winter-und-fruhling\/\">\n\t\t\t\t\t\t\t\t\t<img width=\"972\" height=\"648\" src=\"https:\/\/kilianschoenberger.de\/wp-content\/themes\/woodmart\/images\/lazy.png\" class=\"attachment-large size-large wd-lazy-load wd-lazy-fade\" alt=\"plansee fischerboot\" decoding=\"async\" loading=\"lazy\" srcset=\"\" sizes=\"(max-width: 972px) 100vw, 972px\" data-wood-src=\"https:\/\/kilianschoenberger.de\/wp-content\/uploads\/plansee-fischerboot.webp\" data-srcset=\"https:\/\/kilianschoenberger.de\/wp-content\/uploads\/plansee-fischerboot.webp 972w, https:\/\/kilianschoenberger.de\/wp-content\/uploads\/plansee-fischerboot-300x200.webp 300w, https:\/\/kilianschoenberger.de\/wp-content\/uploads\/plansee-fischerboot-768x512.webp 768w, https:\/\/kilianschoenberger.de\/wp-content\/uploads\/plansee-fischerboot-150x100.webp 150w\" \/>\t\t\t\t\t\t\t\t<\/a>\n\t\t\t\t\t\t\t<\/div>\n\t\t\t\t\t\t\t<div class=\"post-image-mask\">\n\t\t\t\t\t\t\t\t<span><\/span>\n\t\t\t\t\t\t\t<\/div>\n\n\t\t\t\t\t\t\n\t\t\t\t\t<\/figure>\n\t\t\t\t\n\t\t\t\t\t\t\t\t\t\t\t\t<div class=\"post-date wd-post-date wd-style-with-bg\">\n\t\t\t\t<span class=\"post-date-day\">\n\t\t\t\t\t12\t\t\t\t<\/span>\n\t\t\t\t<span class=\"post-date-month\">\n\t\t\t\t\tApr.\t\t\t\t<\/span>\n\t\t\t<\/div>\n\t\t\t\t\t\t\n\t\t\t<\/header><!-- .entry-header -->\n\n\t\t<div class=\"article-body-container\">\n\t\t\t\n\t\t\t\t\t\t\t\t\t<div class=\"meta-categories-wrapp\"><div class=\"meta-post-categories wd-post-cat wd-style-with-bg\"><a href=\"https:\/\/kilianschoenberger.de\/category\/fotografie\/\" rel=\"category tag\">Fotografie<\/a><\/div><\/div>\n\t\t\t\t\n\t\t\t\t\t\t\t\t\t<h3 class=\"wd-entities-title title post-title\">\n\t\t\t\t\t\t<a href=\"https:\/\/kilianschoenberger.de\/fotografie-bayerns-suden-zwischen-winter-und-fruhling\/\" rel=\"bookmark\">Fotografie: Bayerns S\u00fcden zwischen Winter und Fr\u00fchling<\/a>\n\t\t\t\t\t<\/h3>\n\t\t\t\t\n\t\t\t\t\t\t\t\t\t<div class=\"entry-meta wd-entry-meta\">\n\t\t\t\t\t\t\t\t\t<ul class=\"entry-meta-list\">\n\t\t\t\t\t\t\t\t\t<li class=\"modified-date\">\n\t\t\t\t\t\t\t\t<time class=\"updated\" datetime=\"2024-02-14T10:57:27+01:00\">\n\t\t\t14. Februar 2024\t\t<\/time>\n\t\t\t\t\t\t\t<\/li>\n\n\t\t\t\t\t\n\t\t\t\t\t\t\t\t\t\t\t<li class=\"meta-author\">\n\t\t\t\t\t\t\t\t\t\t\t\t<span>By<\/span>\n\t\t\n\t\t\t\t\t<img alt='author-avatar' src=\"https:\/\/kilianschoenberger.de\/wp-content\/themes\/woodmart\/images\/lazy.png\" data-wood-src='https:\/\/secure.gravatar.com\/avatar\/8b2e94123d75996363ba35a871f418ed?s=32&#038;d=mm&#038;r=g' srcset=\"\" data-srcset='https:\/\/secure.gravatar.com\/avatar\/8b2e94123d75996363ba35a871f418ed?s=64&#038;d=mm&#038;r=g 2x' class='wd-lazy-load wd-lazy-fade avatar avatar-32 photo' height='32' width='32' loading='lazy' decoding='async'\/>\t\t\n\t\t<a href=\"https:\/\/kilianschoenberger.de\/author\/ksp\/\" rel=\"author\">\n\t\t\t<span class=\"vcard author author_name\">\n\t\t\t\t<span class=\"fn\">KSP<\/span>\n\t\t\t<\/span>\n\t\t<\/a>\n\t\t\t\t\t\t\t\t<\/li>\n\t\t\t\t\t\n\t\t\t\t\t\n\t\t\t\t\t\t\t\t\t\t\t<li class=\"meta-reply\">\n\t\t\t\t\t\t\t<a href=\"https:\/\/kilianschoenberger.de\/fotografie-bayerns-suden-zwischen-winter-und-fruhling\/#respond\"><span class=\"replies-count\">0<\/span> <span class=\"replies-count-label\">comments<\/span><\/a>\t\t\t\t\t\t<\/li>\n\t\t\t\t\t\t\t\t\t\t\t\t<\/ul>\n\t\t\t\t\t\t\t<\/div><!-- .entry-meta -->\n\t\t\t\t\t\t\t\t\t\t\t<div class=\"hovered-social-icons wd-tltp wd-tltp-top\">\n\t\t\t\t\t\t\t<div class=\"wd-tooltip-label\">\n\t\t\t\t\t\t\t\t\n\t\t\t<div class=\" wd-social-icons  icons-design-default icons-size-small color-scheme-light social-share social-form-circle text-center\">\n\n\t\t\t\t\n\t\t\t\t\t\t\t\t\t<a rel=\"noopener noreferrer nofollow\" href=\"https:\/\/www.facebook.com\/sharer\/sharer.php?u=https:\/\/kilianschoenberger.de\/fotografie-bayerns-suden-zwischen-winter-und-fruhling\/\" target=\"_blank\" class=\" wd-social-icon social-facebook\" aria-label=\"Facebook social link\">\n\t\t\t\t\t\t<span class=\"wd-icon\"><\/span>\n\t\t\t\t\t\t\t\t\t\t\t<\/a>\n\t\t\t\t\n\t\t\t\t\t\t\t\t\t<a rel=\"noopener noreferrer nofollow\" href=\"https:\/\/x.com\/share?url=https:\/\/kilianschoenberger.de\/fotografie-bayerns-suden-zwischen-winter-und-fruhling\/\" target=\"_blank\" class=\" wd-social-icon social-twitter\" aria-label=\"X social link\">\n\t\t\t\t\t\t<span class=\"wd-icon\"><\/span>\n\t\t\t\t\t\t\t\t\t\t\t<\/a>\n\t\t\t\t\n\t\t\t\t\n\t\t\t\t\n\t\t\t\t\n\t\t\t\t\t\t\t\t\t<a rel=\"noopener noreferrer nofollow\" href=\"https:\/\/pinterest.com\/pin\/create\/button\/?url=https:\/\/kilianschoenberger.de\/fotografie-bayerns-suden-zwischen-winter-und-fruhling\/&media=https:\/\/kilianschoenberger.de\/wp-content\/uploads\/plansee-fischerboot.webp&description=Fotografie%3A+Bayerns+S%C3%BCden+zwischen+Winter+und+Fr%C3%BChling\" target=\"_blank\" class=\" wd-social-icon social-pinterest\" aria-label=\"Pinterest social link\">\n\t\t\t\t\t\t<span class=\"wd-icon\"><\/span>\n\t\t\t\t\t\t\t\t\t\t\t<\/a>\n\t\t\t\t\n\t\t\t\t\n\t\t\t\t\t\t\t\t\t<a rel=\"noopener noreferrer nofollow\" href=\"https:\/\/www.linkedin.com\/shareArticle?mini=true&url=https:\/\/kilianschoenberger.de\/fotografie-bayerns-suden-zwischen-winter-und-fruhling\/\" target=\"_blank\" class=\" wd-social-icon social-linkedin\" aria-label=\"Linkedin social link\">\n\t\t\t\t\t\t<span class=\"wd-icon\"><\/span>\n\t\t\t\t\t\t\t\t\t\t\t<\/a>\n\t\t\t\t\n\t\t\t\t\n\t\t\t\t\n\t\t\t\t\n\t\t\t\t\n\t\t\t\t\n\t\t\t\t\n\t\t\t\t\n\t\t\t\t\n\t\t\t\t\n\t\t\t\t\t\t\t\t\n\t\t\t\t\t\t\t\t\n\t\t\t\t\n\t\t\t\t\n\t\t\t\t\t\t\t\t\t<a rel=\"noopener noreferrer nofollow\" href=\"https:\/\/telegram.me\/share\/url?url=https:\/\/kilianschoenberger.de\/fotografie-bayerns-suden-zwischen-winter-und-fruhling\/\" target=\"_blank\" class=\" wd-social-icon social-tg\" aria-label=\"Telegram social link\">\n\t\t\t\t\t\t<span class=\"wd-icon\"><\/span>\n\t\t\t\t\t\t\t\t\t\t\t<\/a>\n\t\t\t\t\t\t\t\t\n\t\t\t\t\n\t\t\t<\/div>\n\n\t\t\t\t\t\t\t\t\t<\/div>\n\t\t\t\t\t\t<\/div>\n\t\t\t\t\t\t\t\t\t\t\t\t\n\t\t\t\t\t\t\t\n\t\t\t\t                    <div class=\"entry-content wd-entry-content\">\n\t\t\t\t\t\tNach Bayerischem und B\u00f6hmerwald war der S\u00fcden Bayerns das N\u00e4chste Ziel des komprimierten Osterwochenende-Roadtrips. Von Passau aus ging...\n\t\t\t\t\t\t\t\t\t\t\t<\/div><!-- .entry-content -->\n\t\t\t\t\n\t\t\t\t\t\t\t\t\t\t\t\t\t\t<p class=\"read-more-section\">\n\t\t\t\t\t\t<a class=\"btn-read-more more-link\" href=\"https:\/\/kilianschoenberger.de\/fotografie-bayerns-suden-zwischen-winter-und-fruhling\/\">Continue reading<\/a>\t\t\t\t\t<\/p>\n\t\t\t\t\t\t\t\t\t\t\t\n\t\t\t\n\t\t\t\t\t<\/div>\n\t<\/div>\n<\/article><!-- #post -->\n\n\n\t\t\t\t\t\t\t\t\t\t\t\n<article id=\"post-928\" class=\"wd-post blog-design-masonry blog-post-loop blog-style-bg wd-add-shadow wd-col post-928 post type-post status-publish format-standard has-post-thumbnail hentry category-fotografie tag-akt tag-foto tag-fotografie tag-grafik tag-model tag-modell tag-photography tag-posen tag-posing tag-uebersicht\">\n\t<div class=\"article-inner\">\n\t\t\t\t\t<header class=\"entry-header\">\n\t\t\t\t\t\t\t\t\t<figure id=\"carousel-708\" class=\"entry-thumbnail\">\n\t\t\t\t\t\t\n\t\t\t\t\t\t\t<div class=\"post-img-wrapp\">\n\t\t\t\t\t\t\t\t<a href=\"https:\/\/kilianschoenberger.de\/model-posen\/\">\n\t\t\t\t\t\t\t\t\t<img width=\"992\" height=\"759\" src=\"https:\/\/kilianschoenberger.de\/wp-content\/themes\/woodmart\/images\/lazy.png\" class=\"attachment-large size-large wd-lazy-load wd-lazy-fade\" alt=\"modelposen\" decoding=\"async\" loading=\"lazy\" srcset=\"\" sizes=\"(max-width: 992px) 100vw, 992px\" data-wood-src=\"https:\/\/kilianschoenberger.de\/wp-content\/uploads\/modelposen.webp\" data-srcset=\"https:\/\/kilianschoenberger.de\/wp-content\/uploads\/modelposen.webp 992w, https:\/\/kilianschoenberger.de\/wp-content\/uploads\/modelposen-300x230.webp 300w, https:\/\/kilianschoenberger.de\/wp-content\/uploads\/modelposen-768x588.webp 768w, https:\/\/kilianschoenberger.de\/wp-content\/uploads\/modelposen-150x115.webp 150w\" \/>\t\t\t\t\t\t\t\t<\/a>\n\t\t\t\t\t\t\t<\/div>\n\t\t\t\t\t\t\t<div class=\"post-image-mask\">\n\t\t\t\t\t\t\t\t<span><\/span>\n\t\t\t\t\t\t\t<\/div>\n\n\t\t\t\t\t\t\n\t\t\t\t\t<\/figure>\n\t\t\t\t\n\t\t\t\t\t\t\t\t\t\t\t\t<div class=\"post-date wd-post-date wd-style-with-bg\">\n\t\t\t\t<span class=\"post-date-day\">\n\t\t\t\t\t24\t\t\t\t<\/span>\n\t\t\t\t<span class=\"post-date-month\">\n\t\t\t\t\tM\u00e4rz\t\t\t\t<\/span>\n\t\t\t<\/div>\n\t\t\t\t\t\t\n\t\t\t<\/header><!-- .entry-header -->\n\n\t\t<div class=\"article-body-container\">\n\t\t\t\n\t\t\t\t\t\t\t\t\t<div class=\"meta-categories-wrapp\"><div class=\"meta-post-categories wd-post-cat wd-style-with-bg\"><a href=\"https:\/\/kilianschoenberger.de\/category\/fotografie\/\" rel=\"category tag\">Fotografie<\/a><\/div><\/div>\n\t\t\t\t\n\t\t\t\t\t\t\t\t\t<h3 class=\"wd-entities-title title post-title\">\n\t\t\t\t\t\t<a href=\"https:\/\/kilianschoenberger.de\/model-posen\/\" rel=\"bookmark\">Model Posen<\/a>\n\t\t\t\t\t<\/h3>\n\t\t\t\t\n\t\t\t\t\t\t\t\t\t<div class=\"entry-meta wd-entry-meta\">\n\t\t\t\t\t\t\t\t\t<ul class=\"entry-meta-list\">\n\t\t\t\t\t\t\t\t\t<li class=\"modified-date\">\n\t\t\t\t\t\t\t\t<time class=\"updated\" datetime=\"2024-02-14T21:46:49+01:00\">\n\t\t\t14. Februar 2024\t\t<\/time>\n\t\t\t\t\t\t\t<\/li>\n\n\t\t\t\t\t\n\t\t\t\t\t\t\t\t\t\t\t<li class=\"meta-author\">\n\t\t\t\t\t\t\t\t\t\t\t\t<span>By<\/span>\n\t\t\n\t\t\t\t\t<img alt='author-avatar' src=\"https:\/\/kilianschoenberger.de\/wp-content\/themes\/woodmart\/images\/lazy.png\" data-wood-src='https:\/\/secure.gravatar.com\/avatar\/8b2e94123d75996363ba35a871f418ed?s=32&#038;d=mm&#038;r=g' srcset=\"\" data-srcset='https:\/\/secure.gravatar.com\/avatar\/8b2e94123d75996363ba35a871f418ed?s=64&#038;d=mm&#038;r=g 2x' class='wd-lazy-load wd-lazy-fade avatar avatar-32 photo' height='32' width='32' loading='lazy' decoding='async'\/>\t\t\n\t\t<a href=\"https:\/\/kilianschoenberger.de\/author\/ksp\/\" rel=\"author\">\n\t\t\t<span class=\"vcard author author_name\">\n\t\t\t\t<span class=\"fn\">KSP<\/span>\n\t\t\t<\/span>\n\t\t<\/a>\n\t\t\t\t\t\t\t\t<\/li>\n\t\t\t\t\t\n\t\t\t\t\t\n\t\t\t\t\t\t\t\t\t\t\t<li class=\"meta-reply\">\n\t\t\t\t\t\t\t<a href=\"https:\/\/kilianschoenberger.de\/model-posen\/#respond\"><span class=\"replies-count\">0<\/span> <span class=\"replies-count-label\">comments<\/span><\/a>\t\t\t\t\t\t<\/li>\n\t\t\t\t\t\t\t\t\t\t\t\t<\/ul>\n\t\t\t\t\t\t\t<\/div><!-- .entry-meta -->\n\t\t\t\t\t\t\t\t\t\t\t<div class=\"hovered-social-icons wd-tltp wd-tltp-top\">\n\t\t\t\t\t\t\t<div class=\"wd-tooltip-label\">\n\t\t\t\t\t\t\t\t\n\t\t\t<div class=\" wd-social-icons  icons-design-default icons-size-small color-scheme-light social-share social-form-circle text-center\">\n\n\t\t\t\t\n\t\t\t\t\t\t\t\t\t<a rel=\"noopener noreferrer nofollow\" href=\"https:\/\/www.facebook.com\/sharer\/sharer.php?u=https:\/\/kilianschoenberger.de\/model-posen\/\" target=\"_blank\" class=\" wd-social-icon social-facebook\" aria-label=\"Facebook social link\">\n\t\t\t\t\t\t<span class=\"wd-icon\"><\/span>\n\t\t\t\t\t\t\t\t\t\t\t<\/a>\n\t\t\t\t\n\t\t\t\t\t\t\t\t\t<a rel=\"noopener noreferrer nofollow\" href=\"https:\/\/x.com\/share?url=https:\/\/kilianschoenberger.de\/model-posen\/\" target=\"_blank\" class=\" wd-social-icon social-twitter\" aria-label=\"X social link\">\n\t\t\t\t\t\t<span class=\"wd-icon\"><\/span>\n\t\t\t\t\t\t\t\t\t\t\t<\/a>\n\t\t\t\t\n\t\t\t\t\n\t\t\t\t\n\t\t\t\t\n\t\t\t\t\t\t\t\t\t<a rel=\"noopener noreferrer nofollow\" href=\"https:\/\/pinterest.com\/pin\/create\/button\/?url=https:\/\/kilianschoenberger.de\/model-posen\/&media=https:\/\/kilianschoenberger.de\/wp-content\/uploads\/modelposen.webp&description=Model+Posen\" target=\"_blank\" class=\" wd-social-icon social-pinterest\" aria-label=\"Pinterest social link\">\n\t\t\t\t\t\t<span class=\"wd-icon\"><\/span>\n\t\t\t\t\t\t\t\t\t\t\t<\/a>\n\t\t\t\t\n\t\t\t\t\n\t\t\t\t\t\t\t\t\t<a rel=\"noopener noreferrer nofollow\" href=\"https:\/\/www.linkedin.com\/shareArticle?mini=true&url=https:\/\/kilianschoenberger.de\/model-posen\/\" target=\"_blank\" class=\" wd-social-icon social-linkedin\" aria-label=\"Linkedin social link\">\n\t\t\t\t\t\t<span class=\"wd-icon\"><\/span>\n\t\t\t\t\t\t\t\t\t\t\t<\/a>\n\t\t\t\t\n\t\t\t\t\n\t\t\t\t\n\t\t\t\t\n\t\t\t\t\n\t\t\t\t\n\t\t\t\t\n\t\t\t\t\n\t\t\t\t\n\t\t\t\t\n\t\t\t\t\t\t\t\t\n\t\t\t\t\t\t\t\t\n\t\t\t\t\n\t\t\t\t\n\t\t\t\t\t\t\t\t\t<a rel=\"noopener noreferrer nofollow\" href=\"https:\/\/telegram.me\/share\/url?url=https:\/\/kilianschoenberger.de\/model-posen\/\" target=\"_blank\" class=\" wd-social-icon social-tg\" aria-label=\"Telegram social link\">\n\t\t\t\t\t\t<span class=\"wd-icon\"><\/span>\n\t\t\t\t\t\t\t\t\t\t\t<\/a>\n\t\t\t\t\t\t\t\t\n\t\t\t\t\n\t\t\t<\/div>\n\n\t\t\t\t\t\t\t\t\t<\/div>\n\t\t\t\t\t\t<\/div>\n\t\t\t\t\t\t\t\t\t\t\t\t\n\t\t\t\t\t\t\t\n\t\t\t\t                    <div class=\"entry-content wd-entry-content\">\n\t\t\t\t\t\tWICHTIG: Aufgrund vieler Suchanfragen die hier auf bildraum landen habe ich einen umfangreicheren POSINGGUIDE online gestellt.\r\nDiese b...\n\t\t\t\t\t\t\t\t\t\t\t<\/div><!-- .entry-content -->\n\t\t\t\t\n\t\t\t\t\t\t\t\t\t\t\t\t\t\t<p class=\"read-more-section\">\n\t\t\t\t\t\t<a class=\"btn-read-more more-link\" href=\"https:\/\/kilianschoenberger.de\/model-posen\/\">Continue reading<\/a>\t\t\t\t\t<\/p>\n\t\t\t\t\t\t\t\t\t\t\t\n\t\t\t\n\t\t\t\t\t<\/div>\n\t<\/div>\n<\/article><!-- #post -->\n\n\n\t\t\t\t\t\t\t\t\t\t\t\n<article id=\"post-729\" class=\"wd-post blog-design-masonry blog-post-loop blog-style-bg wd-add-shadow wd-col post-729 post type-post status-publish format-standard has-post-thumbnail hentry category-fotografie tag-aegypten tag-alexandria tag-bilder tag-dakhla tag-exkursion tag-farafra tag-fotografie tag-fotos tag-gelaendewagen tag-landcruiser tag-luxor tag-nil tag-oase tag-photographie tag-sandmeer tag-schichtstufe tag-siwa tag-toyota tag-uni-bonn tag-weisse-wueste\">\n\t<div class=\"article-inner\">\n\t\t\t\t\t<header class=\"entry-header\">\n\t\t\t\t\t\t\t\t\t<figure id=\"carousel-323\" class=\"entry-thumbnail\">\n\t\t\t\t\t\t\n\t\t\t\t\t\t\t<div class=\"post-img-wrapp\">\n\t\t\t\t\t\t\t\t<a href=\"https:\/\/kilianschoenberger.de\/fotografie-agypten-saharaexkursion\/\">\n\t\t\t\t\t\t\t\t\t<img width=\"978\" height=\"654\" src=\"https:\/\/kilianschoenberger.de\/wp-content\/themes\/woodmart\/images\/lazy.png\" class=\"attachment-large size-large wd-lazy-load wd-lazy-fade\" alt=\"sandmeer toyotas\" decoding=\"async\" loading=\"lazy\" srcset=\"\" sizes=\"(max-width: 978px) 100vw, 978px\" data-wood-src=\"https:\/\/kilianschoenberger.de\/wp-content\/uploads\/sandmeer-toyotas.webp\" data-srcset=\"https:\/\/kilianschoenberger.de\/wp-content\/uploads\/sandmeer-toyotas.webp 978w, https:\/\/kilianschoenberger.de\/wp-content\/uploads\/sandmeer-toyotas-300x201.webp 300w, https:\/\/kilianschoenberger.de\/wp-content\/uploads\/sandmeer-toyotas-768x514.webp 768w, https:\/\/kilianschoenberger.de\/wp-content\/uploads\/sandmeer-toyotas-150x100.webp 150w\" \/>\t\t\t\t\t\t\t\t<\/a>\n\t\t\t\t\t\t\t<\/div>\n\t\t\t\t\t\t\t<div class=\"post-image-mask\">\n\t\t\t\t\t\t\t\t<span><\/span>\n\t\t\t\t\t\t\t<\/div>\n\n\t\t\t\t\t\t\n\t\t\t\t\t<\/figure>\n\t\t\t\t\n\t\t\t\t\t\t\t\t\t\t\t\t<div class=\"post-date wd-post-date wd-style-with-bg\">\n\t\t\t\t<span class=\"post-date-day\">\n\t\t\t\t\t14\t\t\t\t<\/span>\n\t\t\t\t<span class=\"post-date-month\">\n\t\t\t\t\tFeb.\t\t\t\t<\/span>\n\t\t\t<\/div>\n\t\t\t\t\t\t\n\t\t\t<\/header><!-- .entry-header -->\n\n\t\t<div class=\"article-body-container\">\n\t\t\t\n\t\t\t\t\t\t\t\t\t<div class=\"meta-categories-wrapp\"><div class=\"meta-post-categories wd-post-cat wd-style-with-bg\"><a href=\"https:\/\/kilianschoenberger.de\/category\/fotografie\/\" rel=\"category tag\">Fotografie<\/a><\/div><\/div>\n\t\t\t\t\n\t\t\t\t\t\t\t\t\t<h3 class=\"wd-entities-title title post-title\">\n\t\t\t\t\t\t<a href=\"https:\/\/kilianschoenberger.de\/fotografie-agypten-saharaexkursion\/\" rel=\"bookmark\">Fotografie: \u00c4gypten &#8211; Saharaexkursion<\/a>\n\t\t\t\t\t<\/h3>\n\t\t\t\t\n\t\t\t\t\t\t\t\t\t<div class=\"entry-meta wd-entry-meta\">\n\t\t\t\t\t\t\t\t\t<ul class=\"entry-meta-list\">\n\t\t\t\t\t\t\t\t\t<li class=\"modified-date\">\n\t\t\t\t\t\t\t\t<time class=\"updated\" datetime=\"2024-02-14T22:01:13+01:00\">\n\t\t\t14. Februar 2024\t\t<\/time>\n\t\t\t\t\t\t\t<\/li>\n\n\t\t\t\t\t\n\t\t\t\t\t\t\t\t\t\t\t<li class=\"meta-author\">\n\t\t\t\t\t\t\t\t\t\t\t\t<span>By<\/span>\n\t\t\n\t\t\t\t\t<img alt='author-avatar' src=\"https:\/\/kilianschoenberger.de\/wp-content\/themes\/woodmart\/images\/lazy.png\" data-wood-src='https:\/\/secure.gravatar.com\/avatar\/8b2e94123d75996363ba35a871f418ed?s=32&#038;d=mm&#038;r=g' srcset=\"\" data-srcset='https:\/\/secure.gravatar.com\/avatar\/8b2e94123d75996363ba35a871f418ed?s=64&#038;d=mm&#038;r=g 2x' class='wd-lazy-load wd-lazy-fade avatar avatar-32 photo' height='32' width='32' loading='lazy' decoding='async'\/>\t\t\n\t\t<a href=\"https:\/\/kilianschoenberger.de\/author\/ksp\/\" rel=\"author\">\n\t\t\t<span class=\"vcard author author_name\">\n\t\t\t\t<span class=\"fn\">KSP<\/span>\n\t\t\t<\/span>\n\t\t<\/a>\n\t\t\t\t\t\t\t\t<\/li>\n\t\t\t\t\t\n\t\t\t\t\t\n\t\t\t\t\t\t\t\t\t\t\t<li class=\"meta-reply\">\n\t\t\t\t\t\t\t<a href=\"https:\/\/kilianschoenberger.de\/fotografie-agypten-saharaexkursion\/#respond\"><span class=\"replies-count\">0<\/span> <span class=\"replies-count-label\">comments<\/span><\/a>\t\t\t\t\t\t<\/li>\n\t\t\t\t\t\t\t\t\t\t\t\t<\/ul>\n\t\t\t\t\t\t\t<\/div><!-- .entry-meta -->\n\t\t\t\t\t\t\t\t\t\t\t<div class=\"hovered-social-icons wd-tltp wd-tltp-top\">\n\t\t\t\t\t\t\t<div class=\"wd-tooltip-label\">\n\t\t\t\t\t\t\t\t\n\t\t\t<div class=\" wd-social-icons  icons-design-default icons-size-small color-scheme-light social-share social-form-circle text-center\">\n\n\t\t\t\t\n\t\t\t\t\t\t\t\t\t<a rel=\"noopener noreferrer nofollow\" href=\"https:\/\/www.facebook.com\/sharer\/sharer.php?u=https:\/\/kilianschoenberger.de\/fotografie-agypten-saharaexkursion\/\" target=\"_blank\" class=\" wd-social-icon social-facebook\" aria-label=\"Facebook social link\">\n\t\t\t\t\t\t<span class=\"wd-icon\"><\/span>\n\t\t\t\t\t\t\t\t\t\t\t<\/a>\n\t\t\t\t\n\t\t\t\t\t\t\t\t\t<a rel=\"noopener noreferrer nofollow\" href=\"https:\/\/x.com\/share?url=https:\/\/kilianschoenberger.de\/fotografie-agypten-saharaexkursion\/\" target=\"_blank\" class=\" wd-social-icon social-twitter\" aria-label=\"X social link\">\n\t\t\t\t\t\t<span class=\"wd-icon\"><\/span>\n\t\t\t\t\t\t\t\t\t\t\t<\/a>\n\t\t\t\t\n\t\t\t\t\n\t\t\t\t\n\t\t\t\t\n\t\t\t\t\t\t\t\t\t<a rel=\"noopener noreferrer nofollow\" href=\"https:\/\/pinterest.com\/pin\/create\/button\/?url=https:\/\/kilianschoenberger.de\/fotografie-agypten-saharaexkursion\/&media=https:\/\/kilianschoenberger.de\/wp-content\/uploads\/sandmeer-toyotas.webp&description=Fotografie%3A+%C3%84gypten+%26%238211%3B+Saharaexkursion\" target=\"_blank\" class=\" wd-social-icon social-pinterest\" aria-label=\"Pinterest social link\">\n\t\t\t\t\t\t<span class=\"wd-icon\"><\/span>\n\t\t\t\t\t\t\t\t\t\t\t<\/a>\n\t\t\t\t\n\t\t\t\t\n\t\t\t\t\t\t\t\t\t<a rel=\"noopener noreferrer nofollow\" href=\"https:\/\/www.linkedin.com\/shareArticle?mini=true&url=https:\/\/kilianschoenberger.de\/fotografie-agypten-saharaexkursion\/\" target=\"_blank\" class=\" wd-social-icon social-linkedin\" aria-label=\"Linkedin social link\">\n\t\t\t\t\t\t<span class=\"wd-icon\"><\/span>\n\t\t\t\t\t\t\t\t\t\t\t<\/a>\n\t\t\t\t\n\t\t\t\t\n\t\t\t\t\n\t\t\t\t\n\t\t\t\t\n\t\t\t\t\n\t\t\t\t\n\t\t\t\t\n\t\t\t\t\n\t\t\t\t\n\t\t\t\t\t\t\t\t\n\t\t\t\t\t\t\t\t\n\t\t\t\t\n\t\t\t\t\n\t\t\t\t\t\t\t\t\t<a rel=\"noopener noreferrer nofollow\" href=\"https:\/\/telegram.me\/share\/url?url=https:\/\/kilianschoenberger.de\/fotografie-agypten-saharaexkursion\/\" target=\"_blank\" class=\" wd-social-icon social-tg\" aria-label=\"Telegram social link\">\n\t\t\t\t\t\t<span class=\"wd-icon\"><\/span>\n\t\t\t\t\t\t\t\t\t\t\t<\/a>\n\t\t\t\t\t\t\t\t\n\t\t\t\t\n\t\t\t<\/div>\n\n\t\t\t\t\t\t\t\t\t<\/div>\n\t\t\t\t\t\t<\/div>\n\t\t\t\t\t\t\t\t\t\t\t\t\n\t\t\t\t\t\t\t\n\t\t\t\t                    <div class=\"entry-content wd-entry-content\">\n\t\t\t\t\t\tIn der zweiten Januarh\u00e4lfte des vergangenen Jahres war ich mit der Universit\u00e4t in \u00c4gypten auf einer mittleren Exkursion. Unsere Etappen...\n\t\t\t\t\t\t\t\t\t\t\t<\/div><!-- .entry-content -->\n\t\t\t\t\n\t\t\t\t\t\t\t\t\t\t\t\t\t\t<p class=\"read-more-section\">\n\t\t\t\t\t\t<a class=\"btn-read-more more-link\" href=\"https:\/\/kilianschoenberger.de\/fotografie-agypten-saharaexkursion\/\">Continue reading<\/a>\t\t\t\t\t<\/p>\n\t\t\t\t\t\t\t\t\t\t\t\n\t\t\t\n\t\t\t\t\t<\/div>\n\t<\/div>\n<\/article><!-- #post -->\n\n\n\t\t\t\t\t\t\t\t\t\t\t\n<article id=\"post-667\" class=\"wd-post blog-design-masonry blog-post-loop blog-style-bg wd-add-shadow wd-col post-667 post type-post status-publish format-standard has-post-thumbnail hentry category-fotografie tag-3d tag-alpenpanorama tag-arber tag-bayerischer-wald tag-bayern tag-panorama tag-relief tag-shaded tag-srtm\">\n\t<div class=\"article-inner\">\n\t\t\t\t\t<header class=\"entry-header\">\n\t\t\t\t\t\t\t\t\t<figure id=\"carousel-472\" class=\"entry-thumbnail\">\n\t\t\t\t\t\t\n\t\t\t\t\t\t\t<div class=\"post-img-wrapp\">\n\t\t\t\t\t\t\t\t<a href=\"https:\/\/kilianschoenberger.de\/bayerischer-wald-alpenpanorama-reliefkarte-mittel-und-ostalpen\/\">\n\t\t\t\t\t\t\t\t\t<img width=\"1024\" height=\"1024\" src=\"https:\/\/kilianschoenberger.de\/wp-content\/themes\/woodmart\/images\/lazy.png\" class=\"attachment-large size-large wd-lazy-load wd-lazy-fade\" alt=\"reliefkarte bayerischer wald b\u00f6hmerwald bayern sumava oberbayern niederbayern\" decoding=\"async\" loading=\"lazy\" srcset=\"\" sizes=\"(max-width: 1024px) 100vw, 1024px\" data-wood-src=\"https:\/\/kilianschoenberger.de\/wp-content\/uploads\/reliefkarte-bayerischer-wald-boehmerwald-bayern-sumava-oberbayern-niederbayern-1024x1024.webp\" data-srcset=\"https:\/\/kilianschoenberger.de\/wp-content\/uploads\/reliefkarte-bayerischer-wald-boehmerwald-bayern-sumava-oberbayern-niederbayern-1024x1024.webp 1024w, https:\/\/kilianschoenberger.de\/wp-content\/uploads\/reliefkarte-bayerischer-wald-boehmerwald-bayern-sumava-oberbayern-niederbayern-300x300.webp 300w, https:\/\/kilianschoenberger.de\/wp-content\/uploads\/reliefkarte-bayerischer-wald-boehmerwald-bayern-sumava-oberbayern-niederbayern-150x150.webp 150w, https:\/\/kilianschoenberger.de\/wp-content\/uploads\/reliefkarte-bayerischer-wald-boehmerwald-bayern-sumava-oberbayern-niederbayern-768x768.webp 768w, https:\/\/kilianschoenberger.de\/wp-content\/uploads\/reliefkarte-bayerischer-wald-boehmerwald-bayern-sumava-oberbayern-niederbayern-1536x1536.webp 1536w, https:\/\/kilianschoenberger.de\/wp-content\/uploads\/reliefkarte-bayerischer-wald-boehmerwald-bayern-sumava-oberbayern-niederbayern-2048x2048.webp 2048w, https:\/\/kilianschoenberger.de\/wp-content\/uploads\/reliefkarte-bayerischer-wald-boehmerwald-bayern-sumava-oberbayern-niederbayern-1200x1200.webp 1200w, https:\/\/kilianschoenberger.de\/wp-content\/uploads\/reliefkarte-bayerischer-wald-boehmerwald-bayern-sumava-oberbayern-niederbayern-600x600.webp 600w\" \/>\t\t\t\t\t\t\t\t<\/a>\n\t\t\t\t\t\t\t<\/div>\n\t\t\t\t\t\t\t<div class=\"post-image-mask\">\n\t\t\t\t\t\t\t\t<span><\/span>\n\t\t\t\t\t\t\t<\/div>\n\n\t\t\t\t\t\t\n\t\t\t\t\t<\/figure>\n\t\t\t\t\n\t\t\t\t\t\t\t\t\t\t\t\t<div class=\"post-date wd-post-date wd-style-with-bg\">\n\t\t\t\t<span class=\"post-date-day\">\n\t\t\t\t\t27\t\t\t\t<\/span>\n\t\t\t\t<span class=\"post-date-month\">\n\t\t\t\t\tJan.\t\t\t\t<\/span>\n\t\t\t<\/div>\n\t\t\t\t\t\t\n\t\t\t<\/header><!-- .entry-header -->\n\n\t\t<div class=\"article-body-container\">\n\t\t\t\n\t\t\t\t\t\t\t\t\t<div class=\"meta-categories-wrapp\"><div class=\"meta-post-categories wd-post-cat wd-style-with-bg\"><a href=\"https:\/\/kilianschoenberger.de\/category\/fotografie\/\" rel=\"category tag\">Fotografie<\/a><\/div><\/div>\n\t\t\t\t\n\t\t\t\t\t\t\t\t\t<h3 class=\"wd-entities-title title post-title\">\n\t\t\t\t\t\t<a href=\"https:\/\/kilianschoenberger.de\/bayerischer-wald-alpenpanorama-reliefkarte-mittel-und-ostalpen\/\" rel=\"bookmark\">Bayerischer Wald: Alpenpanorama &amp; Reliefkarte: Mittel- und Ostalpen<\/a>\n\t\t\t\t\t<\/h3>\n\t\t\t\t\n\t\t\t\t\t\t\t\t\t<div class=\"entry-meta wd-entry-meta\">\n\t\t\t\t\t\t\t\t\t<ul class=\"entry-meta-list\">\n\t\t\t\t\t\t\t\t\t<li class=\"modified-date\">\n\t\t\t\t\t\t\t\t<time class=\"updated\" datetime=\"2024-02-14T22:13:15+01:00\">\n\t\t\t14. Februar 2024\t\t<\/time>\n\t\t\t\t\t\t\t<\/li>\n\n\t\t\t\t\t\n\t\t\t\t\t\t\t\t\t\t\t<li class=\"meta-author\">\n\t\t\t\t\t\t\t\t\t\t\t\t<span>By<\/span>\n\t\t\n\t\t\t\t\t<img alt='author-avatar' src=\"https:\/\/kilianschoenberger.de\/wp-content\/themes\/woodmart\/images\/lazy.png\" data-wood-src='https:\/\/secure.gravatar.com\/avatar\/8b2e94123d75996363ba35a871f418ed?s=32&#038;d=mm&#038;r=g' srcset=\"\" data-srcset='https:\/\/secure.gravatar.com\/avatar\/8b2e94123d75996363ba35a871f418ed?s=64&#038;d=mm&#038;r=g 2x' class='wd-lazy-load wd-lazy-fade avatar avatar-32 photo' height='32' width='32' loading='lazy' decoding='async'\/>\t\t\n\t\t<a href=\"https:\/\/kilianschoenberger.de\/author\/ksp\/\" rel=\"author\">\n\t\t\t<span class=\"vcard author author_name\">\n\t\t\t\t<span class=\"fn\">KSP<\/span>\n\t\t\t<\/span>\n\t\t<\/a>\n\t\t\t\t\t\t\t\t<\/li>\n\t\t\t\t\t\n\t\t\t\t\t\n\t\t\t\t\t\t\t\t\t\t\t<li class=\"meta-reply\">\n\t\t\t\t\t\t\t<a href=\"https:\/\/kilianschoenberger.de\/bayerischer-wald-alpenpanorama-reliefkarte-mittel-und-ostalpen\/#respond\"><span class=\"replies-count\">0<\/span> <span class=\"replies-count-label\">comments<\/span><\/a>\t\t\t\t\t\t<\/li>\n\t\t\t\t\t\t\t\t\t\t\t\t<\/ul>\n\t\t\t\t\t\t\t<\/div><!-- .entry-meta -->\n\t\t\t\t\t\t\t\t\t\t\t<div class=\"hovered-social-icons wd-tltp wd-tltp-top\">\n\t\t\t\t\t\t\t<div class=\"wd-tooltip-label\">\n\t\t\t\t\t\t\t\t\n\t\t\t<div class=\" wd-social-icons  icons-design-default icons-size-small color-scheme-light social-share social-form-circle text-center\">\n\n\t\t\t\t\n\t\t\t\t\t\t\t\t\t<a rel=\"noopener noreferrer nofollow\" href=\"https:\/\/www.facebook.com\/sharer\/sharer.php?u=https:\/\/kilianschoenberger.de\/bayerischer-wald-alpenpanorama-reliefkarte-mittel-und-ostalpen\/\" target=\"_blank\" class=\" wd-social-icon social-facebook\" aria-label=\"Facebook social link\">\n\t\t\t\t\t\t<span class=\"wd-icon\"><\/span>\n\t\t\t\t\t\t\t\t\t\t\t<\/a>\n\t\t\t\t\n\t\t\t\t\t\t\t\t\t<a rel=\"noopener noreferrer nofollow\" href=\"https:\/\/x.com\/share?url=https:\/\/kilianschoenberger.de\/bayerischer-wald-alpenpanorama-reliefkarte-mittel-und-ostalpen\/\" target=\"_blank\" class=\" wd-social-icon social-twitter\" aria-label=\"X social link\">\n\t\t\t\t\t\t<span class=\"wd-icon\"><\/span>\n\t\t\t\t\t\t\t\t\t\t\t<\/a>\n\t\t\t\t\n\t\t\t\t\n\t\t\t\t\n\t\t\t\t\n\t\t\t\t\t\t\t\t\t<a rel=\"noopener noreferrer nofollow\" href=\"https:\/\/pinterest.com\/pin\/create\/button\/?url=https:\/\/kilianschoenberger.de\/bayerischer-wald-alpenpanorama-reliefkarte-mittel-und-ostalpen\/&media=https:\/\/kilianschoenberger.de\/wp-content\/uploads\/reliefkarte-bayerischer-wald-boehmerwald-bayern-sumava-oberbayern-niederbayern.webp&description=Bayerischer+Wald%3A+Alpenpanorama+%26amp%3B+Reliefkarte%3A+Mittel-+und+Ostalpen\" target=\"_blank\" class=\" wd-social-icon social-pinterest\" aria-label=\"Pinterest social link\">\n\t\t\t\t\t\t<span class=\"wd-icon\"><\/span>\n\t\t\t\t\t\t\t\t\t\t\t<\/a>\n\t\t\t\t\n\t\t\t\t\n\t\t\t\t\t\t\t\t\t<a rel=\"noopener noreferrer nofollow\" href=\"https:\/\/www.linkedin.com\/shareArticle?mini=true&url=https:\/\/kilianschoenberger.de\/bayerischer-wald-alpenpanorama-reliefkarte-mittel-und-ostalpen\/\" target=\"_blank\" class=\" wd-social-icon social-linkedin\" aria-label=\"Linkedin social link\">\n\t\t\t\t\t\t<span class=\"wd-icon\"><\/span>\n\t\t\t\t\t\t\t\t\t\t\t<\/a>\n\t\t\t\t\n\t\t\t\t\n\t\t\t\t\n\t\t\t\t\n\t\t\t\t\n\t\t\t\t\n\t\t\t\t\n\t\t\t\t\n\t\t\t\t\n\t\t\t\t\n\t\t\t\t\t\t\t\t\n\t\t\t\t\t\t\t\t\n\t\t\t\t\n\t\t\t\t\n\t\t\t\t\t\t\t\t\t<a rel=\"noopener noreferrer nofollow\" href=\"https:\/\/telegram.me\/share\/url?url=https:\/\/kilianschoenberger.de\/bayerischer-wald-alpenpanorama-reliefkarte-mittel-und-ostalpen\/\" target=\"_blank\" class=\" wd-social-icon social-tg\" aria-label=\"Telegram social link\">\n\t\t\t\t\t\t<span class=\"wd-icon\"><\/span>\n\t\t\t\t\t\t\t\t\t\t\t<\/a>\n\t\t\t\t\t\t\t\t\n\t\t\t\t\n\t\t\t<\/div>\n\n\t\t\t\t\t\t\t\t\t<\/div>\n\t\t\t\t\t\t<\/div>\n\t\t\t\t\t\t\t\t\t\t\t\t\n\t\t\t\t\t\t\t\n\t\t\t\t                    <div class=\"entry-content wd-entry-content\">\n\t\t\t\t\t\tW\u00e4hrend einer Rechercheaufgabe bin ich im Internet \u00fcber diese wirkliche interessante Aufnahme gestolpert. Fotografiert wurde vom Gro\u00dfen...\n\t\t\t\t\t\t\t\t\t\t\t<\/div><!-- .entry-content -->\n\t\t\t\t\n\t\t\t\t\t\t\t\t\t\t\t\t\t\t<p class=\"read-more-section\">\n\t\t\t\t\t\t<a class=\"btn-read-more more-link\" href=\"https:\/\/kilianschoenberger.de\/bayerischer-wald-alpenpanorama-reliefkarte-mittel-und-ostalpen\/\">Continue reading<\/a>\t\t\t\t\t<\/p>\n\t\t\t\t\t\t\t\t\t\t\t\n\t\t\t\n\t\t\t\t\t<\/div>\n\t<\/div>\n<\/article><!-- #post -->\n\n\n\t\t\t\t\t\t\t\t\t\t\t\n<article id=\"post-630\" class=\"wd-post blog-design-masonry blog-post-loop blog-style-bg wd-add-shadow wd-col post-630 post type-post status-publish format-standard has-post-thumbnail hentry category-fotografie tag-baraque-michael tag-bild tag-eiszeit tag-foehre tag-foto tag-hautes-fagnes tag-hirsche tag-hohes tag-hohes-venn tag-holzsteg tag-landschaftsfotografie tag-moor tag-oekosystem tag-palsen tag-panorama tag-pfad tag-photo tag-raureif tag-signal-de-botrange tag-sphagnum tag-steg tag-torfmoor tag-torfmoos tag-venn tag-winter\">\n\t<div class=\"article-inner\">\n\t\t\t\t\t<header class=\"entry-header\">\n\t\t\t\t\t\t\t\t\t<figure id=\"carousel-472\" class=\"entry-thumbnail\">\n\t\t\t\t\t\t\n\t\t\t\t\t\t\t<div class=\"post-img-wrapp\">\n\t\t\t\t\t\t\t\t<a href=\"https:\/\/kilianschoenberger.de\/fotografie-das-hohe-venn-wissenschaftliche-beschreibung-der-landschaft\/\">\n\t\t\t\t\t\t\t\t\t<img width=\"470\" height=\"313\" src=\"https:\/\/kilianschoenberger.de\/wp-content\/themes\/woodmart\/images\/lazy.png\" class=\"attachment-large size-large wd-lazy-load wd-lazy-fade\" alt=\"Hohes Venn\" decoding=\"async\" loading=\"lazy\" srcset=\"\" sizes=\"(max-width: 470px) 100vw, 470px\" data-wood-src=\"https:\/\/kilianschoenberger.de\/wp-content\/uploads\/Hohes-Venn.webp\" data-srcset=\"https:\/\/kilianschoenberger.de\/wp-content\/uploads\/Hohes-Venn.webp 470w, https:\/\/kilianschoenberger.de\/wp-content\/uploads\/Hohes-Venn-300x200.webp 300w, https:\/\/kilianschoenberger.de\/wp-content\/uploads\/Hohes-Venn-150x100.webp 150w\" \/>\t\t\t\t\t\t\t\t<\/a>\n\t\t\t\t\t\t\t<\/div>\n\t\t\t\t\t\t\t<div class=\"post-image-mask\">\n\t\t\t\t\t\t\t\t<span><\/span>\n\t\t\t\t\t\t\t<\/div>\n\n\t\t\t\t\t\t\n\t\t\t\t\t<\/figure>\n\t\t\t\t\n\t\t\t\t\t\t\t\t\t\t\t\t<div class=\"post-date wd-post-date wd-style-with-bg\">\n\t\t\t\t<span class=\"post-date-day\">\n\t\t\t\t\t17\t\t\t\t<\/span>\n\t\t\t\t<span class=\"post-date-month\">\n\t\t\t\t\tJan.\t\t\t\t<\/span>\n\t\t\t<\/div>\n\t\t\t\t\t\t\n\t\t\t<\/header><!-- .entry-header -->\n\n\t\t<div class=\"article-body-container\">\n\t\t\t\n\t\t\t\t\t\t\t\t\t<div class=\"meta-categories-wrapp\"><div class=\"meta-post-categories wd-post-cat wd-style-with-bg\"><a href=\"https:\/\/kilianschoenberger.de\/category\/fotografie\/\" rel=\"category tag\">Fotografie<\/a><\/div><\/div>\n\t\t\t\t\n\t\t\t\t\t\t\t\t\t<h3 class=\"wd-entities-title title post-title\">\n\t\t\t\t\t\t<a href=\"https:\/\/kilianschoenberger.de\/fotografie-das-hohe-venn-wissenschaftliche-beschreibung-der-landschaft\/\" rel=\"bookmark\">Fotografie: Das Hohe Venn &amp; Wissenschaftliche Beschreibung der Landschaft<\/a>\n\t\t\t\t\t<\/h3>\n\t\t\t\t\n\t\t\t\t\t\t\t\t\t<div class=\"entry-meta wd-entry-meta\">\n\t\t\t\t\t\t\t\t\t<ul class=\"entry-meta-list\">\n\t\t\t\t\t\t\t\t\t<li class=\"modified-date\">\n\t\t\t\t\t\t\t\t<time class=\"updated\" datetime=\"2024-02-14T22:15:58+01:00\">\n\t\t\t14. Februar 2024\t\t<\/time>\n\t\t\t\t\t\t\t<\/li>\n\n\t\t\t\t\t\n\t\t\t\t\t\t\t\t\t\t\t<li class=\"meta-author\">\n\t\t\t\t\t\t\t\t\t\t\t\t<span>By<\/span>\n\t\t\n\t\t\t\t\t<img alt='author-avatar' src=\"https:\/\/kilianschoenberger.de\/wp-content\/themes\/woodmart\/images\/lazy.png\" data-wood-src='https:\/\/secure.gravatar.com\/avatar\/8b2e94123d75996363ba35a871f418ed?s=32&#038;d=mm&#038;r=g' srcset=\"\" data-srcset='https:\/\/secure.gravatar.com\/avatar\/8b2e94123d75996363ba35a871f418ed?s=64&#038;d=mm&#038;r=g 2x' class='wd-lazy-load wd-lazy-fade avatar avatar-32 photo' height='32' width='32' loading='lazy' decoding='async'\/>\t\t\n\t\t<a href=\"https:\/\/kilianschoenberger.de\/author\/ksp\/\" rel=\"author\">\n\t\t\t<span class=\"vcard author author_name\">\n\t\t\t\t<span class=\"fn\">KSP<\/span>\n\t\t\t<\/span>\n\t\t<\/a>\n\t\t\t\t\t\t\t\t<\/li>\n\t\t\t\t\t\n\t\t\t\t\t\n\t\t\t\t\t\t\t\t\t\t\t<li class=\"meta-reply\">\n\t\t\t\t\t\t\t<a href=\"https:\/\/kilianschoenberger.de\/fotografie-das-hohe-venn-wissenschaftliche-beschreibung-der-landschaft\/#respond\"><span class=\"replies-count\">0<\/span> <span class=\"replies-count-label\">comments<\/span><\/a>\t\t\t\t\t\t<\/li>\n\t\t\t\t\t\t\t\t\t\t\t\t<\/ul>\n\t\t\t\t\t\t\t<\/div><!-- .entry-meta -->\n\t\t\t\t\t\t\t\t\t\t\t<div class=\"hovered-social-icons wd-tltp wd-tltp-top\">\n\t\t\t\t\t\t\t<div class=\"wd-tooltip-label\">\n\t\t\t\t\t\t\t\t\n\t\t\t<div class=\" wd-social-icons  icons-design-default icons-size-small color-scheme-light social-share social-form-circle text-center\">\n\n\t\t\t\t\n\t\t\t\t\t\t\t\t\t<a rel=\"noopener noreferrer nofollow\" href=\"https:\/\/www.facebook.com\/sharer\/sharer.php?u=https:\/\/kilianschoenberger.de\/fotografie-das-hohe-venn-wissenschaftliche-beschreibung-der-landschaft\/\" target=\"_blank\" class=\" wd-social-icon social-facebook\" aria-label=\"Facebook social link\">\n\t\t\t\t\t\t<span class=\"wd-icon\"><\/span>\n\t\t\t\t\t\t\t\t\t\t\t<\/a>\n\t\t\t\t\n\t\t\t\t\t\t\t\t\t<a rel=\"noopener noreferrer nofollow\" href=\"https:\/\/x.com\/share?url=https:\/\/kilianschoenberger.de\/fotografie-das-hohe-venn-wissenschaftliche-beschreibung-der-landschaft\/\" target=\"_blank\" class=\" wd-social-icon social-twitter\" aria-label=\"X social link\">\n\t\t\t\t\t\t<span class=\"wd-icon\"><\/span>\n\t\t\t\t\t\t\t\t\t\t\t<\/a>\n\t\t\t\t\n\t\t\t\t\n\t\t\t\t\n\t\t\t\t\n\t\t\t\t\t\t\t\t\t<a rel=\"noopener noreferrer nofollow\" href=\"https:\/\/pinterest.com\/pin\/create\/button\/?url=https:\/\/kilianschoenberger.de\/fotografie-das-hohe-venn-wissenschaftliche-beschreibung-der-landschaft\/&media=https:\/\/kilianschoenberger.de\/wp-content\/uploads\/Hohes-Venn.webp&description=Fotografie%3A+Das+Hohe+Venn+%26amp%3B+Wissenschaftliche+Beschreibung+der+Landschaft\" target=\"_blank\" class=\" wd-social-icon social-pinterest\" aria-label=\"Pinterest social link\">\n\t\t\t\t\t\t<span class=\"wd-icon\"><\/span>\n\t\t\t\t\t\t\t\t\t\t\t<\/a>\n\t\t\t\t\n\t\t\t\t\n\t\t\t\t\t\t\t\t\t<a rel=\"noopener noreferrer nofollow\" href=\"https:\/\/www.linkedin.com\/shareArticle?mini=true&url=https:\/\/kilianschoenberger.de\/fotografie-das-hohe-venn-wissenschaftliche-beschreibung-der-landschaft\/\" target=\"_blank\" class=\" wd-social-icon social-linkedin\" aria-label=\"Linkedin social link\">\n\t\t\t\t\t\t<span class=\"wd-icon\"><\/span>\n\t\t\t\t\t\t\t\t\t\t\t<\/a>\n\t\t\t\t\n\t\t\t\t\n\t\t\t\t\n\t\t\t\t\n\t\t\t\t\n\t\t\t\t\n\t\t\t\t\n\t\t\t\t\n\t\t\t\t\n\t\t\t\t\n\t\t\t\t\t\t\t\t\n\t\t\t\t\t\t\t\t\n\t\t\t\t\n\t\t\t\t\n\t\t\t\t\t\t\t\t\t<a rel=\"noopener noreferrer nofollow\" href=\"https:\/\/telegram.me\/share\/url?url=https:\/\/kilianschoenberger.de\/fotografie-das-hohe-venn-wissenschaftliche-beschreibung-der-landschaft\/\" target=\"_blank\" class=\" wd-social-icon social-tg\" aria-label=\"Telegram social link\">\n\t\t\t\t\t\t<span class=\"wd-icon\"><\/span>\n\t\t\t\t\t\t\t\t\t\t\t<\/a>\n\t\t\t\t\t\t\t\t\n\t\t\t\t\n\t\t\t<\/div>\n\n\t\t\t\t\t\t\t\t\t<\/div>\n\t\t\t\t\t\t<\/div>\n\t\t\t\t\t\t\t\t\t\t\t\t\n\t\t\t\t\t\t\t\n\t\t\t\t                    <div class=\"entry-content wd-entry-content\">\n\t\t\t\t\t\tAm Wochenende war ich zusammen mit einem Fotofreund in Belgien im Naturschutzgebiet Hohes Venn um Winteraufnahmen zu machen. Das Hohe V...\n\t\t\t\t\t\t\t\t\t\t\t<\/div><!-- .entry-content -->\n\t\t\t\t\n\t\t\t\t\t\t\t\t\t\t\t\t\t\t<p class=\"read-more-section\">\n\t\t\t\t\t\t<a class=\"btn-read-more more-link\" href=\"https:\/\/kilianschoenberger.de\/fotografie-das-hohe-venn-wissenschaftliche-beschreibung-der-landschaft\/\">Continue reading<\/a>\t\t\t\t\t<\/p>\n\t\t\t\t\t\t\t\t\t\t\t\n\t\t\t\n\t\t\t\t\t<\/div>\n\t<\/div>\n<\/article><!-- #post -->\n\n\n\t\t\t\t\t\n\t\t\t\t\t","status":"have-posts","nextPage":"https:\/\/kilianschoenberger.de\/author\/ksp\/page\/17\/?woo_ajax=1","currentPage":"https:\/\/kilianschoenberger.de\/author\/ksp\/page\/16"}